{"id":1034,"date":"2017-08-22T23:14:01","date_gmt":"2017-08-23T02:14:01","guid":{"rendered":"http:\/\/webdease2023.intranet.ciasc.gov.br\/2017\/08\/22\/internos-do-hospital-de-custodia-participam-de-curso-de-confeitaria\/"},"modified":"2023-07-13T17:53:54","modified_gmt":"2023-07-13T20:53:54","slug":"internos-do-hospital-de-custodia-participam-de-curso-de-confeitaria","status":"publish","type":"post","link":"https:\/\/sap.sc.gov.br\/en\/internos-do-hospital-de-custodia-participam-de-curso-de-confeitaria\/","title":{"rendered":"Internos do Hospital de Cust\u00f3dia participam de Curso de Confeitaria"},"content":{"rendered":"<p>Os internos do Hospital de Cust\u00f3dia e Tratamento Psiqui\u00e1trico participaram de um curso de confeitaria, durante os dias 21 e 22 deste m\u00eas. Ao total foram 14 pacientes que receberam um curso de 16 horas\/aula em parceria com o SENAR\/GEROE, com instru\u00e7\u00e3o da professora Zuraide.<\/p>","protected":false},"excerpt":{"rendered":"<p>Os internos do Hospital de Cust\u00f3dia e Tratamento Psiqui\u00e1trico participaram de um curso de confeitaria, durante os dias 21 e 22 deste m\u00eas. Ao total foram 14 pacientes que receberam um curso de 16 horas\/aula em parceria com o SENAR\/GEROE, com instru\u00e7\u00e3o da professora Zuraide.<\/p>","protected":false},"author":6,"featured_media":14727,"comment_status":"open","ping_status":"open","sticky":false,"template":"","format":"standard","meta":{"_monsterinsights_skip_tracking":false,"_monsterinsights_sitenote_active":false,"_monsterinsights_sitenote_note":"","_monsterinsights_sitenote_category":0,"footnotes":"","_wp_rev_ctl_limit":""},"categories":[1296],"tags":[],"publishpress_future_action":{"enabled":false,"date":"2026-05-03 13:45:04","action":"change-status","newStatus":"draft","terms":[],"taxonomy":"category"},"publishpress_future_workflow_manual_trigger":{"enabledWorkflows":[]},"_links":{"self":[{"href":"https:\/\/sap.sc.gov.br\/en\/wp-json\/wp\/v2\/posts\/1034"}],"collection":[{"href":"https:\/\/sap.sc.gov.br\/en\/wp-json\/wp\/v2\/posts"}],"about":[{"href":"https:\/\/sap.sc.gov.br\/en\/wp-json\/wp\/v2\/types\/post"}],"author":[{"embeddable":true,"href":"https:\/\/sap.sc.gov.br\/en\/wp-json\/wp\/v2\/users\/6"}],"replies":[{"embeddable":true,"href":"https:\/\/sap.sc.gov.br\/en\/wp-json\/wp\/v2\/comments?post=1034"}],"version-history":[{"count":0,"href":"https:\/\/sap.sc.gov.br\/en\/wp-json\/wp\/v2\/posts\/1034\/revisions"}],"wp:featuredmedia":[{"embeddable":true,"href":"https:\/\/sap.sc.gov.br\/en\/wp-json\/wp\/v2\/media\/14727"}],"wp:attachment":[{"href":"https:\/\/sap.sc.gov.br\/en\/wp-json\/wp\/v2\/media?parent=1034"}],"wp:term":[{"taxonomy":"category","embeddable":true,"href":"https:\/\/sap.sc.gov.br\/en\/wp-json\/wp\/v2\/categories?post=1034"},{"taxonomy":"post_tag","embeddable":true,"href":"https:\/\/sap.sc.gov.br\/en\/wp-json\/wp\/v2\/tags?post=1034"}],"curies":[{"name":"wp","href":"https:\/\/api.w.org\/{rel}","templated":true}]}}