{"id":1045,"date":"2017-09-29T21:41:23","date_gmt":"2017-09-30T00:41:23","guid":{"rendered":"http:\/\/webdease2023.intranet.ciasc.gov.br\/2017\/09\/29\/operacoes-de-revistas-realizadas-nas-unidades-prisionais-do-estado\/"},"modified":"2023-07-13T17:53:57","modified_gmt":"2023-07-13T20:53:57","slug":"operacoes-de-revistas-realizadas-nas-unidades-prisionais-do-estado","status":"publish","type":"post","link":"https:\/\/sap.sc.gov.br\/en\/operacoes-de-revistas-realizadas-nas-unidades-prisionais-do-estado\/","title":{"rendered":"Opera\u00e7\u00f5es de revistas realizadas nas Unidades Prisionais do Estado"},"content":{"rendered":"<p style=\"text-align: justify;\"><span style=\"font-size: 12pt; line-height: 115%; font-family: 'Times New Roman', serif;\">Desde o in\u00edcio do m\u00eas de setembro, objetivando a manuten\u00e7\u00e3o da ordem e seguran\u00e7a, o Departamento de Administra\u00e7\u00e3o Prisional vem intensificando as opera\u00e7\u00f5es de revista nas Unidades Prisionais do Estado.<\/span><\/p>\n<p style=\"text-align: justify;\"><span style=\"font-size: 12pt; line-height: 115%; font-family: 'Times New Roman', serif;\">Tais opera\u00e7\u00f5es s\u00e3o realizadas em conjunto entre as Unidades Prisionais e o Centro de A\u00e7\u00f5es Penitenci\u00e1rias \u2013 CAP deste Departamento com o apoio e atua\u00e7\u00e3o do Grupo T\u00e1tico de Interven\u00e7\u00e3o &#8211; GTI, a fim de refor\u00e7ar a seguran\u00e7a e o sucesso dos procedimentos.<\/span><\/p>\n<p>&nbsp;<\/p>\n<p style=\"text-align: justify;\"><span style=\"font-size: 12pt; line-height: 115%; font-family: 'Times New Roman', serif;\">No dia 18 de setembro do corrente ano foi realizada Opera\u00e7\u00e3o Pente Fino nas galerias \u201cD\u201d e \u201cE\u201d do <strong><span style=\"text-decoration: underline;\">Pres\u00eddio Regional de Crici\u00fama.<\/span><\/strong><\/span><\/p>\n<p style=\"text-align: justify;\"><span style=\"font-size: 12pt; line-height: 115%; font-family: 'Times New Roman', serif;\">Foram apreendidos na opera\u00e7\u00e3o um aparelho telef\u00f4nico e pequena quantidade de subst\u00e2ncia an\u00e1loga \u00e0 maconha.<\/span><\/p>\n<p style=\"text-align: justify;\"><span style=\"font-size: 12pt; line-height: 115%; font-family: 'Times New Roman', serif;\">A Opera\u00e7\u00e3o contou com o apoio dos Agentes Penitenci\u00e1rios do Pres\u00eddio de Tubar\u00e3o, do Pres\u00eddio Regional de Ararangu\u00e1, da Penitenci\u00e1ria Sul e do Grupo T\u00e1tico e Interven\u00e7\u00e3o \u2013 GTI.<\/span><\/p>\n<p>&nbsp;&nbsp;&nbsp;&nbsp;<\/p>\n<p><img decoding=\"async\" class=\"size-full wp-image-1040\" src=\"https:\/\/www.sap.sc.gov.br\/wp-content\/uploads\/2017\/09\/Criciuma_10-6e1-1.jpg\" alt=\"Criciuma 10\" \/><\/p>\n<p>&nbsp;<\/p>\n<p>&nbsp;<\/p>\n<p>&nbsp;<\/p>\n<p>&nbsp;<\/p>\n<p>&nbsp;<\/p>\n<p>&nbsp;<\/p>\n<p>&nbsp;<span style=\"font-family: 'Times New Roman', serif; font-size: 12pt;\">Nos dias 20 e 21 de setembro do corrente ano foi realizada Opera\u00e7\u00e3o Pente Fino em todas as galerias da <\/span><strong style=\"font-family: 'Times New Roman', serif; font-size: 12pt;\"><span style=\"text-decoration: underline;\">Penitenci\u00e1ria Industrial de S\u00e3o Crist\u00f3v\u00e3o do Sul.<\/span><\/strong><\/p>\n<p style=\"text-align: justify;\"><span style=\"font-size: 12pt; line-height: 115%; font-family: 'Times New Roman', serif;\">A Opera\u00e7\u00e3o contou com o apoio dos Agentes Penitenci\u00e1rios da Penitenci\u00e1ria da Regi\u00e3o de Curitibanos, da Penitenci\u00e1ria Industrial de S\u00e3o Crist\u00f3v\u00e3o do Sul, da Unidade Prisional Avan\u00e7ada de Campos Novos, do Presidio Regional de Joa\u00e7aba e com o Grupo T\u00e1tico e Interven\u00e7\u00e3o \u2013 GTI.<\/span><\/p>\n<p style=\"text-align: justify;\"><span style=\"font-size: 12pt; line-height: 115%; font-family: 'Times New Roman', serif;\">Nenhum material il\u00edcito foi encontrado.<\/span><\/p>\n<p>&nbsp;&nbsp;&nbsp;<img decoding=\"async\" class=\"size-full wp-image-1041\" src=\"https:\/\/www.sap.sc.gov.br\/wp-content\/uploads\/2017\/09\/Curitibanos_10-963-1.jpg\" alt=\"Curitibanos 10\" \/><\/p>\n<p>&nbsp;<\/p>\n<p>&nbsp;<\/p>\n<p>&nbsp;<\/p>\n<p>&nbsp;<\/p>\n<p>&nbsp;<\/p>\n<p style=\"text-align: justify;\"><span style=\"font-size: 12pt; line-height: 115%; font-family: 'Times New Roman', serif;\">E no dia 27 de setembro do corrente ano foi realizada Opera\u00e7\u00e3o Pente Fino na <strong><span style=\"text-decoration: underline;\">Unidade Prisional Avan\u00e7ada de Brusque. <\/span><\/strong><\/span><\/p>\n<p style=\"text-align: justify;\"><span style=\"font-size: 12pt; line-height: 115%; font-family: 'Times New Roman', serif;\">Foi apreendida pequena quantidade de subst\u00e2ncia an\u00e1loga \u00e0 maconha.<\/span><\/p>\n<p style=\"text-align: justify;\"><span style=\"font-size: 12pt; line-height: 115%; font-family: 'Times New Roman', serif;\">A opera\u00e7\u00e3o contou com o apoio dos Agentes Penitenci\u00e1rios da referida UPA, do Grupo T\u00e1tico de Interven\u00e7\u00e3o \u2013 GTI, do PPT e da Pol\u00edcia Civil.&nbsp; &nbsp; &nbsp;&nbsp;<\/span><\/p>\n<p>&nbsp;<\/p>\n<p><img decoding=\"async\" class=\"size-full wp-image-1042\" src=\"https:\/\/www.sap.sc.gov.br\/wp-content\/uploads\/2017\/09\/Brusque_1-db7-1.jpg\" alt=\"Brusque 1\" \/><\/p>\n<p>&nbsp;<img decoding=\"async\" class=\"size-full wp-image-1043\" src=\"https:\/\/www.sap.sc.gov.br\/wp-content\/uploads\/2017\/09\/Brusque_2-9cd-1.jpg\" alt=\"Brusque 2\" \/><\/p>\n<p>&nbsp;<\/p>","protected":false},"excerpt":{"rendered":"<p>Desde o in\u00edcio do m\u00eas de setembro, objetivando a manuten\u00e7\u00e3o da ordem e seguran\u00e7a, o Departamento de Administra\u00e7\u00e3o Prisional vem intensificando as opera\u00e7\u00f5es de revista nas Unidades Prisionais do Estado. Tais opera\u00e7\u00f5es s\u00e3o realizadas em conjunto entre as Unidades Prisionais e o Centro de A\u00e7\u00f5es Penitenci\u00e1rias \u2013 CAP deste Departamento com o apoio e atua\u00e7\u00e3o [&hellip;]<\/p>\n","protected":false},"author":6,"featured_media":14738,"comment_status":"open","ping_status":"open","sticky":false,"template":"","format":"standard","meta":{"_monsterinsights_skip_tracking":false,"_monsterinsights_sitenote_active":false,"_monsterinsights_sitenote_note":"","_monsterinsights_sitenote_category":0,"footnotes":"","_wp_rev_ctl_limit":""},"categories":[1296],"tags":[],"publishpress_future_action":{"enabled":false,"date":"2026-05-03 13:58:40","action":"change-status","newStatus":"draft","terms":[],"taxonomy":"category"},"publishpress_future_workflow_manual_trigger":{"enabledWorkflows":[]},"_links":{"self":[{"href":"https:\/\/sap.sc.gov.br\/en\/wp-json\/wp\/v2\/posts\/1045"}],"collection":[{"href":"https:\/\/sap.sc.gov.br\/en\/wp-json\/wp\/v2\/posts"}],"about":[{"href":"https:\/\/sap.sc.gov.br\/en\/wp-json\/wp\/v2\/types\/post"}],"author":[{"embeddable":true,"href":"https:\/\/sap.sc.gov.br\/en\/wp-json\/wp\/v2\/users\/6"}],"replies":[{"embeddable":true,"href":"https:\/\/sap.sc.gov.br\/en\/wp-json\/wp\/v2\/comments?post=1045"}],"version-history":[{"count":0,"href":"https:\/\/sap.sc.gov.br\/en\/wp-json\/wp\/v2\/posts\/1045\/revisions"}],"wp:featuredmedia":[{"embeddable":true,"href":"https:\/\/sap.sc.gov.br\/en\/wp-json\/wp\/v2\/media\/14738"}],"wp:attachment":[{"href":"https:\/\/sap.sc.gov.br\/en\/wp-json\/wp\/v2\/media?parent=1045"}],"wp:term":[{"taxonomy":"category","embeddable":true,"href":"https:\/\/sap.sc.gov.br\/en\/wp-json\/wp\/v2\/categories?post=1045"},{"taxonomy":"post_tag","embeddable":true,"href":"https:\/\/sap.sc.gov.br\/en\/wp-json\/wp\/v2\/tags?post=1045"}],"curies":[{"name":"wp","href":"https:\/\/api.w.org\/{rel}","templated":true}]}}