{"id":1084,"date":"2019-01-10T18:29:35","date_gmt":"2019-01-10T20:29:35","guid":{"rendered":"http:\/\/webdease2023.intranet.ciasc.gov.br\/2019\/01\/10\/presidio-regional-de-blumenau-reforca-monitoramento-eletronico\/"},"modified":"2023-07-13T17:54:07","modified_gmt":"2023-07-13T20:54:07","slug":"presidio-regional-de-blumenau-reforca-monitoramento-eletronico","status":"publish","type":"post","link":"https:\/\/sap.sc.gov.br\/en\/presidio-regional-de-blumenau-reforca-monitoramento-eletronico\/","title":{"rendered":"Pres\u00eddio Regional de Blumenau refor\u00e7a monitoramento eletr\u00f4nico"},"content":{"rendered":"<\/p>\n<p>O Pres\u00eddio Regional de Blumenau refor\u00e7ou a seguran\u00e7a da unidade com a conclus\u00e3o dos trabalhos de instala\u00e7\u00e3o de uma rede de vigil\u00e2ncia formada 64 c\u00e2meras de monitoramento. Localizadas em pontos estrat\u00e9gicos, os equipamentos ampliam o raio de observa\u00e7\u00e3o e controle da unidade. O secret\u00e1rio de Administra\u00e7\u00e3o Prisional e Socioeducativo, Leandro Ant\u00f4nio Soares Lima, destaca que o monitoramento tamb\u00e9m d\u00e1 transpar\u00eancia para todas as a\u00e7\u00f5es internas da unidade.<\/p>\n<p>Os recursos para a aquisi\u00e7\u00e3o dos equipamentos \u00e9 resultado de uma parceria da unidade prisional com as quatro empresas que mant\u00eam oficinas de trabalho no pres\u00eddio, al\u00e9m de recursos pr\u00f3prios usados na manuten\u00e7\u00e3o dos 18 equipamentos que j\u00e1 estavam instalados no pres\u00eddio. \u201cA atividade laboral, al\u00e9m de permitir a reabilita\u00e7\u00e3o socioecon\u00f4mica do interno, porque ele recebe um sal\u00e1rio pelo trabalho que realiza, \u00e9 uma estrat\u00e9gia de seguran\u00e7a prisional\u201d, observa o secret\u00e1rio.<\/p>","protected":false},"excerpt":{"rendered":"<p>O Pres\u00eddio Regional de Blumenau refor\u00e7ou a seguran\u00e7a da unidade com a conclus\u00e3o dos trabalhos de instala\u00e7\u00e3o de uma rede de vigil\u00e2ncia formada 64 c\u00e2meras de monitoramento. Localizadas em pontos estrat\u00e9gicos, os equipamentos ampliam o raio de observa\u00e7\u00e3o e controle da unidade. O secret\u00e1rio de Administra\u00e7\u00e3o Prisional e Socioeducativo, Leandro Ant\u00f4nio Soares Lima, destaca que [&hellip;]<\/p>\n","protected":false},"author":6,"featured_media":14774,"comment_status":"open","ping_status":"open","sticky":false,"template":"","format":"standard","meta":{"_monsterinsights_skip_tracking":false,"_monsterinsights_sitenote_active":false,"_monsterinsights_sitenote_note":"","_monsterinsights_sitenote_category":0,"footnotes":"","_wp_rev_ctl_limit":""},"categories":[1296],"tags":[],"publishpress_future_action":{"enabled":false,"date":"2026-05-03 15:10:50","action":"change-status","newStatus":"draft","terms":[],"taxonomy":"category"},"publishpress_future_workflow_manual_trigger":{"enabledWorkflows":[]},"_links":{"self":[{"href":"https:\/\/sap.sc.gov.br\/en\/wp-json\/wp\/v2\/posts\/1084"}],"collection":[{"href":"https:\/\/sap.sc.gov.br\/en\/wp-json\/wp\/v2\/posts"}],"about":[{"href":"https:\/\/sap.sc.gov.br\/en\/wp-json\/wp\/v2\/types\/post"}],"author":[{"embeddable":true,"href":"https:\/\/sap.sc.gov.br\/en\/wp-json\/wp\/v2\/users\/6"}],"replies":[{"embeddable":true,"href":"https:\/\/sap.sc.gov.br\/en\/wp-json\/wp\/v2\/comments?post=1084"}],"version-history":[{"count":0,"href":"https:\/\/sap.sc.gov.br\/en\/wp-json\/wp\/v2\/posts\/1084\/revisions"}],"wp:featuredmedia":[{"embeddable":true,"href":"https:\/\/sap.sc.gov.br\/en\/wp-json\/wp\/v2\/media\/14774"}],"wp:attachment":[{"href":"https:\/\/sap.sc.gov.br\/en\/wp-json\/wp\/v2\/media?parent=1084"}],"wp:term":[{"taxonomy":"category","embeddable":true,"href":"https:\/\/sap.sc.gov.br\/en\/wp-json\/wp\/v2\/categories?post=1084"},{"taxonomy":"post_tag","embeddable":true,"href":"https:\/\/sap.sc.gov.br\/en\/wp-json\/wp\/v2\/tags?post=1084"}],"curies":[{"name":"wp","href":"https:\/\/api.w.org\/{rel}","templated":true}]}}