{"id":1124,"date":"2019-05-02T22:07:50","date_gmt":"2019-05-03T01:07:50","guid":{"rendered":"http:\/\/webdease2023.intranet.ciasc.gov.br\/2019\/05\/02\/modelo-do-sistema-prisional-catarinense-e-apresentado-a-gestores-do-governo-gaucho\/"},"modified":"2023-07-13T17:54:21","modified_gmt":"2023-07-13T20:54:21","slug":"modelo-do-sistema-prisional-catarinense-e-apresentado-a-gestores-do-governo-gaucho","status":"publish","type":"post","link":"https:\/\/sap.sc.gov.br\/en\/modelo-do-sistema-prisional-catarinense-e-apresentado-a-gestores-do-governo-gaucho\/","title":{"rendered":"MODELO DO SISTEMA PRISIONAL CATARINENSE \u00c9 APRESENTADO A GESTORES DO GOVERNO GA\u00daCHO"},"content":{"rendered":"<p>O secret\u00e1rio de Justi\u00e7a e Cidadania, Leandro Lima, recebeu nesta quinta-feira (02) o vice-governador do Rio Grande do Sul e tamb\u00e9m Secret\u00e1rio da Seguran\u00e7a P\u00fablica, Ranolfo Vieira J\u00fanior, e o Secret\u00e1rio de Administra\u00e7\u00e3o Penitenci\u00e1ria Cesar Luis de Ara\u00fajo Faccioli, em Itaja\u00ed. Na oportunidade, as autoridades ga\u00fachas visitaram a Penitenci\u00e1ria de Itaja\u00ed para conhecer a din\u00e2mica de administra\u00e7\u00e3o da unidade e conhecer o modelo de gest\u00e3o do sistema prisional catarinense.<\/p>\n<\/p>\n<p>Um dos assuntos que despertou a aten\u00e7\u00e3o do vice-governador ga\u00facho foi o Fundo Rotativo, recurso oriundo da atividade laboral que \u00e9 investido na unidade. No ano passado R$ 24 milh\u00f5es retornaram ao sistema prisional em fun\u00e7\u00e3o do trabalho dos presos.<\/p>\n<p>O sistema prev\u00ea que 25% do sal\u00e1rio pago ao preso, pela empresa que o contrata, retorne para a unidade. O restante vai para uma conta do detento que, normalmente, destina \u00e0 manuten\u00e7\u00e3o da fam\u00edlia.<\/p>","protected":false},"excerpt":{"rendered":"<p>O secret\u00e1rio de Justi\u00e7a e Cidadania, Leandro Lima, recebeu nesta quinta-feira (02) o vice-governador do Rio Grande do Sul e tamb\u00e9m Secret\u00e1rio da Seguran\u00e7a P\u00fablica, Ranolfo Vieira J\u00fanior, e o Secret\u00e1rio de Administra\u00e7\u00e3o Penitenci\u00e1ria Cesar Luis de Ara\u00fajo Faccioli, em Itaja\u00ed. Na oportunidade, as autoridades ga\u00fachas visitaram a Penitenci\u00e1ria de Itaja\u00ed para conhecer a din\u00e2mica [&hellip;]<\/p>\n","protected":false},"author":6,"featured_media":14814,"comment_status":"open","ping_status":"open","sticky":false,"template":"","format":"standard","meta":{"_monsterinsights_skip_tracking":false,"_monsterinsights_sitenote_active":false,"_monsterinsights_sitenote_note":"","_monsterinsights_sitenote_category":0,"footnotes":"","_wp_rev_ctl_limit":""},"categories":[1296],"tags":[],"publishpress_future_action":{"enabled":false,"date":"2026-05-03 14:57:54","action":"change-status","newStatus":"draft","terms":[],"taxonomy":"category"},"publishpress_future_workflow_manual_trigger":{"enabledWorkflows":[]},"_links":{"self":[{"href":"https:\/\/sap.sc.gov.br\/en\/wp-json\/wp\/v2\/posts\/1124"}],"collection":[{"href":"https:\/\/sap.sc.gov.br\/en\/wp-json\/wp\/v2\/posts"}],"about":[{"href":"https:\/\/sap.sc.gov.br\/en\/wp-json\/wp\/v2\/types\/post"}],"author":[{"embeddable":true,"href":"https:\/\/sap.sc.gov.br\/en\/wp-json\/wp\/v2\/users\/6"}],"replies":[{"embeddable":true,"href":"https:\/\/sap.sc.gov.br\/en\/wp-json\/wp\/v2\/comments?post=1124"}],"version-history":[{"count":0,"href":"https:\/\/sap.sc.gov.br\/en\/wp-json\/wp\/v2\/posts\/1124\/revisions"}],"wp:featuredmedia":[{"embeddable":true,"href":"https:\/\/sap.sc.gov.br\/en\/wp-json\/wp\/v2\/media\/14814"}],"wp:attachment":[{"href":"https:\/\/sap.sc.gov.br\/en\/wp-json\/wp\/v2\/media?parent=1124"}],"wp:term":[{"taxonomy":"category","embeddable":true,"href":"https:\/\/sap.sc.gov.br\/en\/wp-json\/wp\/v2\/categories?post=1124"},{"taxonomy":"post_tag","embeddable":true,"href":"https:\/\/sap.sc.gov.br\/en\/wp-json\/wp\/v2\/tags?post=1124"}],"curies":[{"name":"wp","href":"https:\/\/api.w.org\/{rel}","templated":true}]}}