{"id":1145,"date":"2019-05-29T20:57:23","date_gmt":"2019-05-29T23:57:23","guid":{"rendered":"http:\/\/webdease2023.intranet.ciasc.gov.br\/2019\/05\/29\/sc-envia-agentes-penitenciarios-ara-atuar-na-crise-em-manaus\/"},"modified":"2023-07-13T17:54:27","modified_gmt":"2023-07-13T20:54:27","slug":"sc-envia-agentes-penitenciarios-ara-atuar-na-crise-em-manaus","status":"publish","type":"post","link":"https:\/\/sap.sc.gov.br\/en\/sc-envia-agentes-penitenciarios-ara-atuar-na-crise-em-manaus\/","title":{"rendered":"SC envia agentes penitenci\u00e1rios para atuar na crise em Manaus"},"content":{"rendered":"<\/p>\n<p>Uma equipe formada por 16 agentes penitenci\u00e1rios catarinenses embarcou nesta quarta-feira (29) para Manaus. Eles v\u00e3o integrar a For\u00e7a-Tarefa de Interven\u00e7\u00e3o Penitenci\u00e1ria (FTIP), coordenada pelo Depen, para restabelecer a ordem no Complexo Penitenci\u00e1rio An\u00edsio Jobim (Compaj), onde foram registradas 55 mortes nos \u00faltimos dias. \u201cNossos agentes est\u00e3o altamente treinados e capacitados para atuar em interven\u00e7\u00e3o prisional\u201d, observou o secret\u00e1rio da Justi\u00e7a e Cidadania, Leandro Lima.<\/p>\n<p>Pelo per\u00edodo de 90 dias, o efetivo da FTIP &#8211; formado por agentes de execu\u00e7\u00e3o penal federal e de agentes penitenci\u00e1rios de diversos estados &#8211; vai exercer atividades e servi\u00e7os de guarda, vigil\u00e2ncia e cust\u00f3dia de presos. A opera\u00e7\u00e3o ter\u00e1 o apoio log\u00edstico e a supervis\u00e3o dos \u00f3rg\u00e3os de administra\u00e7\u00e3o penitenci\u00e1ria e seguran\u00e7a p\u00fablica do Amazonas.<\/p>\n<p>A FTIP foi criada em janeiro de 2017 e, na atual gest\u00e3o, o Depen passou a coordenar, exclusivamente, a for\u00e7a-tarefa em apoio aos governos estaduais em situa\u00e7\u00f5es extraordin\u00e1rias de crise no sistema penitenci\u00e1rio para controlar dist\u00farbios e resolver outros problemas.<\/p>\n<p>&nbsp;<\/p>","protected":false},"excerpt":{"rendered":"<p>Uma equipe formada por 16 agentes penitenci\u00e1rios catarinenses embarcou nesta quarta-feira (29) para Manaus. Eles v\u00e3o integrar a For\u00e7a-Tarefa de Interven\u00e7\u00e3o Penitenci\u00e1ria (FTIP), coordenada pelo Depen, para restabelecer a ordem no Complexo Penitenci\u00e1rio An\u00edsio Jobim (Compaj), onde foram registradas 55 mortes nos \u00faltimos dias. \u201cNossos agentes est\u00e3o altamente treinados e capacitados para atuar em interven\u00e7\u00e3o [&hellip;]<\/p>\n","protected":false},"author":6,"featured_media":14835,"comment_status":"open","ping_status":"open","sticky":false,"template":"","format":"standard","meta":{"_monsterinsights_skip_tracking":false,"_monsterinsights_sitenote_active":false,"_monsterinsights_sitenote_note":"","_monsterinsights_sitenote_category":0,"footnotes":"","_wp_rev_ctl_limit":""},"categories":[1296],"tags":[],"publishpress_future_action":{"enabled":false,"date":"2026-05-03 15:10:51","action":"change-status","newStatus":"draft","terms":[],"taxonomy":"category"},"publishpress_future_workflow_manual_trigger":{"enabledWorkflows":[]},"_links":{"self":[{"href":"https:\/\/sap.sc.gov.br\/en\/wp-json\/wp\/v2\/posts\/1145"}],"collection":[{"href":"https:\/\/sap.sc.gov.br\/en\/wp-json\/wp\/v2\/posts"}],"about":[{"href":"https:\/\/sap.sc.gov.br\/en\/wp-json\/wp\/v2\/types\/post"}],"author":[{"embeddable":true,"href":"https:\/\/sap.sc.gov.br\/en\/wp-json\/wp\/v2\/users\/6"}],"replies":[{"embeddable":true,"href":"https:\/\/sap.sc.gov.br\/en\/wp-json\/wp\/v2\/comments?post=1145"}],"version-history":[{"count":0,"href":"https:\/\/sap.sc.gov.br\/en\/wp-json\/wp\/v2\/posts\/1145\/revisions"}],"wp:featuredmedia":[{"embeddable":true,"href":"https:\/\/sap.sc.gov.br\/en\/wp-json\/wp\/v2\/media\/14835"}],"wp:attachment":[{"href":"https:\/\/sap.sc.gov.br\/en\/wp-json\/wp\/v2\/media?parent=1145"}],"wp:term":[{"taxonomy":"category","embeddable":true,"href":"https:\/\/sap.sc.gov.br\/en\/wp-json\/wp\/v2\/categories?post=1145"},{"taxonomy":"post_tag","embeddable":true,"href":"https:\/\/sap.sc.gov.br\/en\/wp-json\/wp\/v2\/tags?post=1145"}],"curies":[{"name":"wp","href":"https:\/\/api.w.org\/{rel}","templated":true}]}}