{"id":1179,"date":"2019-08-14T17:50:05","date_gmt":"2019-08-14T20:50:05","guid":{"rendered":"http:\/\/webdease2023.intranet.ciasc.gov.br\/2019\/08\/14\/parceria-entre-igp-e-deap-resulta-na-segunda-maior-coleta-de-perfil-genetico-de-apenados-em-uma-unidade-de-sc\/"},"modified":"2023-07-13T17:54:37","modified_gmt":"2023-07-13T20:54:37","slug":"parceria-entre-igp-e-deap-resulta-na-segunda-maior-coleta-de-perfil-genetico-de-apenados-em-uma-unidade-de-sc","status":"publish","type":"post","link":"https:\/\/sap.sc.gov.br\/en\/parceria-entre-igp-e-deap-resulta-na-segunda-maior-coleta-de-perfil-genetico-de-apenados-em-uma-unidade-de-sc\/","title":{"rendered":"Parceria entre IGP e DEAP resulta na segunda maior coleta de perfil gen\u00e9tico de apenados em uma unidade de SC"},"content":{"rendered":"<\/p>\n<p>A a\u00e7\u00e3o aconteceu no Pres\u00eddio Regional de Tijucas na \u00faltima quinta-feira (8). O perito criminal bioqu\u00edmico, Clineu&nbsp;Seki Uehara e os agentes prisionais Adriana Terezinha da Cunha, Sabrina Ana de Souza e Sharles Kruscinski, totalizaram 110 coletas em um dia.<\/p>\n<p>As demais Unidades com popula\u00e7\u00e3o carcer\u00e1ria que se enquadra nos crit\u00e9rios descritos na Lei 12.654\/12 e que j\u00e1 tiveram os trabalhos conclu\u00eddos s\u00e3o: Pres\u00eddio Masculino de Florian\u00f3polis, Unidade Prisional Avan\u00e7ada de Imbituba e Penitenci\u00e1ria Feminina de Crici\u00fama, onde foi realizado o maior n\u00famero de coleta de apenadas, 131.&nbsp;<\/p>\n<p>Nas unidades: Complexo Penitenci\u00e1rio do Estado \u2013 COPE; Penitenci\u00e1ria de Florian\u00f3polis, Pres\u00eddio Feminino de Tubar\u00e3o e Penitenci\u00e1ria Industrial de S\u00e3o Crist\u00f3v\u00e3o do Sul, o processo ainda est\u00e1 em andamento.&nbsp;Em 8 meses, 497 materiais foram coletados.&nbsp;<\/p>\n<p>O trabalho em parceria com o Departamento de Administra\u00e7\u00e3o Prisional (DEAP) tem sido fundamental para conquistar tais resultados.<\/p>\n<p>Foram realizadas 5 edi\u00e7\u00f5es do Curso de Capacita\u00e7\u00e3o para Coleta de Material de Identifica\u00e7\u00e3o Gen\u00e9tica de Apenados, que resultaram em 57 servidores treinados para realiza\u00e7\u00e3o das coletas.<\/p>\n<p>A meta da Secretaria Nacional de Seguran\u00e7a P\u00fablica (SENASP) \u00e9 que at\u00e9 o final deste ano 1.100 novas amostras sejam inseridas no Banco de Perfis Gen\u00e9ticos.<\/p>\n<p>*Com informa\u00e7\u00f5es do IGP<\/p>\n<p><img decoding=\"async\" class=\"size-full wp-image-1177\" src=\"https:\/\/www.sap.sc.gov.br\/wp-content\/uploads\/2019\/08\/Coletadesangueigpedeap2-706-1.jpeg\" alt=\"Coletadesangueigpedeap2\" \/><\/p>","protected":false},"excerpt":{"rendered":"<p>A a\u00e7\u00e3o aconteceu no Pres\u00eddio Regional de Tijucas na \u00faltima quinta-feira (8). O perito criminal bioqu\u00edmico, Clineu&nbsp;Seki Uehara e os agentes prisionais Adriana Terezinha da Cunha, Sabrina Ana de Souza e Sharles Kruscinski, totalizaram 110 coletas em um dia. As demais Unidades com popula\u00e7\u00e3o carcer\u00e1ria que se enquadra nos crit\u00e9rios descritos na Lei 12.654\/12 e [&hellip;]<\/p>\n","protected":false},"author":6,"featured_media":14869,"comment_status":"open","ping_status":"open","sticky":false,"template":"","format":"standard","meta":{"_monsterinsights_skip_tracking":false,"_monsterinsights_sitenote_active":false,"_monsterinsights_sitenote_note":"","_monsterinsights_sitenote_category":0,"footnotes":"","_wp_rev_ctl_limit":""},"categories":[1296],"tags":[],"publishpress_future_action":{"enabled":false,"date":"2026-05-03 16:31:23","action":"change-status","newStatus":"draft","terms":[],"taxonomy":"category"},"publishpress_future_workflow_manual_trigger":{"enabledWorkflows":[]},"_links":{"self":[{"href":"https:\/\/sap.sc.gov.br\/en\/wp-json\/wp\/v2\/posts\/1179"}],"collection":[{"href":"https:\/\/sap.sc.gov.br\/en\/wp-json\/wp\/v2\/posts"}],"about":[{"href":"https:\/\/sap.sc.gov.br\/en\/wp-json\/wp\/v2\/types\/post"}],"author":[{"embeddable":true,"href":"https:\/\/sap.sc.gov.br\/en\/wp-json\/wp\/v2\/users\/6"}],"replies":[{"embeddable":true,"href":"https:\/\/sap.sc.gov.br\/en\/wp-json\/wp\/v2\/comments?post=1179"}],"version-history":[{"count":0,"href":"https:\/\/sap.sc.gov.br\/en\/wp-json\/wp\/v2\/posts\/1179\/revisions"}],"wp:featuredmedia":[{"embeddable":true,"href":"https:\/\/sap.sc.gov.br\/en\/wp-json\/wp\/v2\/media\/14869"}],"wp:attachment":[{"href":"https:\/\/sap.sc.gov.br\/en\/wp-json\/wp\/v2\/media?parent=1179"}],"wp:term":[{"taxonomy":"category","embeddable":true,"href":"https:\/\/sap.sc.gov.br\/en\/wp-json\/wp\/v2\/categories?post=1179"},{"taxonomy":"post_tag","embeddable":true,"href":"https:\/\/sap.sc.gov.br\/en\/wp-json\/wp\/v2\/tags?post=1179"}],"curies":[{"name":"wp","href":"https:\/\/api.w.org\/{rel}","templated":true}]}}