{"id":1187,"date":"2019-08-21T21:29:58","date_gmt":"2019-08-22T00:29:58","guid":{"rendered":"http:\/\/webdease2023.intranet.ciasc.gov.br\/2019\/08\/21\/sap-apresenta-experiencia-laboral-no-x-encontro-nacional-do-ministerio-publico\/"},"modified":"2023-07-13T17:54:49","modified_gmt":"2023-07-13T20:54:49","slug":"sap-apresenta-experiencia-laboral-no-x-encontro-nacional-do-ministerio-publico","status":"publish","type":"post","link":"https:\/\/sap.sc.gov.br\/en\/sap-apresenta-experiencia-laboral-no-x-encontro-nacional-do-ministerio-publico\/","title":{"rendered":"SAP apresenta experi\u00eancia laboral no X Encontro Nacional do Minist\u00e9rio P\u00fablico"},"content":{"rendered":"<\/p>\n<p>O secret\u00e1rio da Administra\u00e7\u00e3o Prisional e Socioeducativa (SAP), Leandro Lima, participou nesta quarta-feira (21) do X Encontro Nacional do Minist\u00e9rio P\u00fablico no Sistema Prisional, em Bras\u00edlia. Na oportunidade o titular da SAP apresentou os resultados da experi\u00eancia de Santa Catarina no painel \u201cPr\u00e1ticas laborais e educacionais no sistema prisional como forma de transforma\u00e7\u00e3o social\u201d.<\/p>\n<p>Em seguida, o secret\u00e1rio participou de um debate sobre o tema com o Coordenador de Trabalho e Renda do Departamento Penitenci\u00e1rio Nacional (Depen), Jos\u00e9 Fernando Vazquez e com o Coordenador da Unidade de Monitoramento de Execu\u00e7\u00e3o da Pena (Umep) e Promotor de Justi\u00e7a do Estado da Bahia, Edmundo Reis Silva Filho. A conversa foi mediada pela Procuradora do Trabalho, Carolina Mercante.<\/p>\n<p>\u201cEventos como esses s\u00e3o absolutamente importantes para promover o di\u00e1logo e o interc\u00e2mbio entre as institui\u00e7\u00f5es e colaboram sobremaneira para fomentar parcerias e fortalecer o papel fiscalizador do Minist\u00e9rio P\u00fablico\u201d, observou Leandro Lima.<\/p>","protected":false},"excerpt":{"rendered":"<p>O secret\u00e1rio da Administra\u00e7\u00e3o Prisional e Socioeducativa (SAP), Leandro Lima, participou nesta quarta-feira (21) do X Encontro Nacional do Minist\u00e9rio P\u00fablico no Sistema Prisional, em Bras\u00edlia. Na oportunidade o titular da SAP apresentou os resultados da experi\u00eancia de Santa Catarina no painel \u201cPr\u00e1ticas laborais e educacionais no sistema prisional como forma de transforma\u00e7\u00e3o social\u201d. Em [&hellip;]<\/p>\n","protected":false},"author":6,"featured_media":14877,"comment_status":"open","ping_status":"open","sticky":false,"template":"","format":"standard","meta":{"_monsterinsights_skip_tracking":false,"_monsterinsights_sitenote_active":false,"_monsterinsights_sitenote_note":"","_monsterinsights_sitenote_category":0,"footnotes":"","_wp_rev_ctl_limit":""},"categories":[1296],"tags":[],"publishpress_future_action":{"enabled":false,"date":"2026-05-03 16:37:20","action":"change-status","newStatus":"draft","terms":[],"taxonomy":"category"},"publishpress_future_workflow_manual_trigger":{"enabledWorkflows":[]},"_links":{"self":[{"href":"https:\/\/sap.sc.gov.br\/en\/wp-json\/wp\/v2\/posts\/1187"}],"collection":[{"href":"https:\/\/sap.sc.gov.br\/en\/wp-json\/wp\/v2\/posts"}],"about":[{"href":"https:\/\/sap.sc.gov.br\/en\/wp-json\/wp\/v2\/types\/post"}],"author":[{"embeddable":true,"href":"https:\/\/sap.sc.gov.br\/en\/wp-json\/wp\/v2\/users\/6"}],"replies":[{"embeddable":true,"href":"https:\/\/sap.sc.gov.br\/en\/wp-json\/wp\/v2\/comments?post=1187"}],"version-history":[{"count":0,"href":"https:\/\/sap.sc.gov.br\/en\/wp-json\/wp\/v2\/posts\/1187\/revisions"}],"wp:featuredmedia":[{"embeddable":true,"href":"https:\/\/sap.sc.gov.br\/en\/wp-json\/wp\/v2\/media\/14877"}],"wp:attachment":[{"href":"https:\/\/sap.sc.gov.br\/en\/wp-json\/wp\/v2\/media?parent=1187"}],"wp:term":[{"taxonomy":"category","embeddable":true,"href":"https:\/\/sap.sc.gov.br\/en\/wp-json\/wp\/v2\/categories?post=1187"},{"taxonomy":"post_tag","embeddable":true,"href":"https:\/\/sap.sc.gov.br\/en\/wp-json\/wp\/v2\/tags?post=1187"}],"curies":[{"name":"wp","href":"https:\/\/api.w.org\/{rel}","templated":true}]}}