{"id":1235,"date":"2019-10-11T21:11:19","date_gmt":"2019-10-11T21:11:19","guid":{"rendered":"http:\/\/webdease2023.intranet.ciasc.gov.br\/2019\/10\/11\/gestores-da-sap-se-reunem-para-avaliar-estrategias-em-criciuma\/"},"modified":"2019-10-11T21:11:19","modified_gmt":"2019-10-11T21:11:19","slug":"gestores-da-sap-se-reunem-para-avaliar-estrategias-em-criciuma","status":"publish","type":"post","link":"https:\/\/sap.sc.gov.br\/en\/gestores-da-sap-se-reunem-para-avaliar-estrategias-em-criciuma\/","title":{"rendered":"Gestores da SAP se re\u00fanem para avaliar estrat\u00e9gias, em Crici\u00fama"},"content":{"rendered":"<\/p>\n<p>Nesta quinta-feira (10), o secret\u00e1rio da Administra\u00e7\u00e3o Prisional e Socioeducativa, Leandro Lima, esteve reunido com os gestores da SAP (Secretaria da Administra\u00e7\u00e3o Prisional e Socioeducativa), do Deap (Departamento de Administra\u00e7\u00e3o Prisional) e do Dease (Departamento de Administra\u00e7\u00e3o Socioeducativa), no audit\u00f3rio da ACIC (Associa\u00e7\u00e3o Empresarial), em Crici\u00fama. A reuni\u00e3o contou com a presen\u00e7a de 82 gestores, incluindo diretores de unidades socioeducativas e prisionais, gestores t\u00e9cnicos da SAP e os diretores das regionais do Deap.<\/p>\n<p>A reuni\u00e3o teve por objetivo integrar os gestores para presta\u00e7\u00e3o de contas das ger\u00eancias t\u00e9cnicas da SAP, do Deap e do Dease, al\u00e9m da defini\u00e7\u00e3o de a\u00e7\u00f5es estrat\u00e9gicas para cada Departamento. Al\u00e9m disso, buscou-se o alinhamento de metas e o planejamento de a\u00e7\u00f5es para os pr\u00f3ximos meses no \u00e2mbito da SAP e das unidades. No evento, tamb\u00e9m foi lan\u00e7ado o copo ecol\u00f3gico, alternativa de sustentabilidade encontrada pela secretaria para reduzir o lixo e o pl\u00e1stico em todos os ambientes gerenciados pela SAP. O copo ser\u00e1 distribu\u00eddo para cada servidor, e a estimativa de economia com copos descart\u00e1veis \u00e9 de mais de 80 mil reais por ano.<\/p>\n<p>\u201c\u00c9 necess\u00e1rio o acompanhamento cont\u00ednuo e conjunto das a\u00e7\u00f5es de gest\u00e3o que estabelecemos e reuni\u00f5es como essas s\u00e3o o momento de avaliar, validar ou redirecionar nossas pr\u00e1ticas\u201d, declarou o secret\u00e1rio Leandro Lima.<\/p>","protected":false},"excerpt":{"rendered":"<p>Nesta quinta-feira (10), o secret\u00e1rio da Administra\u00e7\u00e3o Prisional e Socioeducativa, Leandro Lima, esteve reunido com os gestores da SAP (Secretaria da Administra\u00e7\u00e3o Prisional e Socioeducativa), do Deap (Departamento de Administra\u00e7\u00e3o Prisional) e do Dease (Departamento de Administra\u00e7\u00e3o Socioeducativa), no audit\u00f3rio da ACIC (Associa\u00e7\u00e3o Empresarial), em Crici\u00fama. A reuni\u00e3o contou com a presen\u00e7a de 82 gestores, [&hellip;]<\/p>\n","protected":false},"author":8,"featured_media":1234,"comment_status":"open","ping_status":"open","sticky":false,"template":"","format":"standard","meta":{"_monsterinsights_skip_tracking":false,"_monsterinsights_sitenote_active":false,"_monsterinsights_sitenote_note":"","_monsterinsights_sitenote_category":0,"footnotes":"","_wp_rev_ctl_limit":""},"categories":[1296],"tags":[],"publishpress_future_action":{"enabled":false,"date":"2026-05-03 16:37:57","action":"change-status","newStatus":"draft","terms":[],"taxonomy":"category"},"publishpress_future_workflow_manual_trigger":{"enabledWorkflows":[]},"_links":{"self":[{"href":"https:\/\/sap.sc.gov.br\/en\/wp-json\/wp\/v2\/posts\/1235"}],"collection":[{"href":"https:\/\/sap.sc.gov.br\/en\/wp-json\/wp\/v2\/posts"}],"about":[{"href":"https:\/\/sap.sc.gov.br\/en\/wp-json\/wp\/v2\/types\/post"}],"author":[{"embeddable":true,"href":"https:\/\/sap.sc.gov.br\/en\/wp-json\/wp\/v2\/users\/8"}],"replies":[{"embeddable":true,"href":"https:\/\/sap.sc.gov.br\/en\/wp-json\/wp\/v2\/comments?post=1235"}],"version-history":[{"count":0,"href":"https:\/\/sap.sc.gov.br\/en\/wp-json\/wp\/v2\/posts\/1235\/revisions"}],"wp:featuredmedia":[{"embeddable":true,"href":"https:\/\/sap.sc.gov.br\/en\/wp-json\/"}],"wp:attachment":[{"href":"https:\/\/sap.sc.gov.br\/en\/wp-json\/wp\/v2\/media?parent=1235"}],"wp:term":[{"taxonomy":"category","embeddable":true,"href":"https:\/\/sap.sc.gov.br\/en\/wp-json\/wp\/v2\/categories?post=1235"},{"taxonomy":"post_tag","embeddable":true,"href":"https:\/\/sap.sc.gov.br\/en\/wp-json\/wp\/v2\/tags?post=1235"}],"curies":[{"name":"wp","href":"https:\/\/api.w.org\/{rel}","templated":true}]}}