{"id":1240,"date":"2019-10-14T22:12:34","date_gmt":"2019-10-14T22:12:34","guid":{"rendered":"http:\/\/webdease2023.intranet.ciasc.gov.br\/2019\/10\/14\/acaps-promove-curso-de-libras-para-servidores-da-sap\/"},"modified":"2019-10-14T22:12:34","modified_gmt":"2019-10-14T22:12:34","slug":"acaps-promove-curso-de-libras-para-servidores-da-sap","status":"publish","type":"post","link":"https:\/\/sap.sc.gov.br\/en\/acaps-promove-curso-de-libras-para-servidores-da-sap\/","title":{"rendered":"ACAPS promove curso de Libras para servidores da SAP"},"content":{"rendered":"<\/p>\n<p>Servidores da Administra\u00e7\u00e3o Prisional e Socioeducativa come\u00e7aram o Curso de Libras nesta segunda-feira, 14, quando ocorreu a aula inaugural da capacita\u00e7\u00e3o na sede da Acaps (Academia de Administra\u00e7\u00e3o Prisional e Socioeducativa).&nbsp;O curso vai formar os servidores da SAP para a acessibilidade comunicacional com pessoas surdas e ter\u00e1 dura\u00e7\u00e3o de 60 horas\/aula, divididas em tr\u00eas meses. A iniciativa \u00e9 uma parceria da SAP com o Departamento do curso de Libras da Universidade Federal de Santa Catarina (UFSC).<\/p>\n<p>&nbsp;A aula inaugural contou com a presen\u00e7a da presidente da Comiss\u00e3o de Defesa dos Direitos da Pessoa com Defici\u00eancia, vereadora Cristina de Sousa, e com o professor Deon\u00edsio Schmitt, chefe do Departamento de Letras\/Libras da UFSC. Os dois s\u00e3o idealizadores do projeto, cujo objetivo \u00e9 capacitar profissionais do setor p\u00fablico na comunica\u00e7\u00e3o por meio da Linguagem de Sinais.<\/p>\n<p><img fetchpriority=\"high\" decoding=\"async\" class=\"size-full wp-image-1239\" src=\"https:\/\/www.sap.sc.gov.br\/wp-content\/uploads\/2019\/10\/14LIBRAS1-1f7-scaled.jpg\" alt=\"14LIBRAS1\" width=\"3504\" height=\"2147\" style=\"display: block; margin-left: auto; margin-right: auto;\" \/><\/p>\n<p>O projeto j\u00e1 passou por outras institui\u00e7\u00f5es como a Pol\u00edcia Militar (Capital e S\u00e3o Jos\u00e9), o 10\u00ba batalh\u00e3o do Corpo de Bombeiros Militar e Guarda Municipal de S\u00e3o Jos\u00e9. A aula inaugural foi feita por meio da int\u00e9rprete Jessika Francine Cardoso, enquanto o professor Deon\u00edsio se comunicava por meio da Libras.&nbsp;&#8220;Esse curso foi constru\u00eddo para atender as demandas dos sistemas de forma inclusiva, e pensar na forma\u00e7\u00e3o de nosso servidor em outras dimens\u00f5es&#8221;, afirma a gerente de Ensino e Forma\u00e7\u00e3o da Acaps, Gislene Aver.<\/p>\n<p>As aulas ser\u00e3o ministradas por Leonardo Adonis de Almeida, graduando do Curso de Libras. No sistema prisional, segundo o I-Pen, 14 surdos est\u00e3o privados de liberdade no sistema prisional catarinense.<\/p>","protected":false},"excerpt":{"rendered":"<p>Servidores da Administra\u00e7\u00e3o Prisional e Socioeducativa come\u00e7aram o Curso de Libras nesta segunda-feira, 14, quando ocorreu a aula inaugural da capacita\u00e7\u00e3o na sede da Acaps (Academia de Administra\u00e7\u00e3o Prisional e Socioeducativa).&nbsp;O curso vai formar os servidores da SAP para a acessibilidade comunicacional com pessoas surdas e ter\u00e1 dura\u00e7\u00e3o de 60 horas\/aula, divididas em tr\u00eas meses. [&hellip;]<\/p>\n","protected":false},"author":8,"featured_media":1238,"comment_status":"open","ping_status":"open","sticky":false,"template":"","format":"standard","meta":{"_monsterinsights_skip_tracking":false,"_monsterinsights_sitenote_active":false,"_monsterinsights_sitenote_note":"","_monsterinsights_sitenote_category":0,"footnotes":"","_wp_rev_ctl_limit":""},"categories":[1296],"tags":[],"publishpress_future_action":{"enabled":false,"date":"2026-05-03 16:39:38","action":"change-status","newStatus":"draft","terms":[],"taxonomy":"category"},"publishpress_future_workflow_manual_trigger":{"enabledWorkflows":[]},"_links":{"self":[{"href":"https:\/\/sap.sc.gov.br\/en\/wp-json\/wp\/v2\/posts\/1240"}],"collection":[{"href":"https:\/\/sap.sc.gov.br\/en\/wp-json\/wp\/v2\/posts"}],"about":[{"href":"https:\/\/sap.sc.gov.br\/en\/wp-json\/wp\/v2\/types\/post"}],"author":[{"embeddable":true,"href":"https:\/\/sap.sc.gov.br\/en\/wp-json\/wp\/v2\/users\/8"}],"replies":[{"embeddable":true,"href":"https:\/\/sap.sc.gov.br\/en\/wp-json\/wp\/v2\/comments?post=1240"}],"version-history":[{"count":0,"href":"https:\/\/sap.sc.gov.br\/en\/wp-json\/wp\/v2\/posts\/1240\/revisions"}],"wp:featuredmedia":[{"embeddable":true,"href":"https:\/\/sap.sc.gov.br\/en\/wp-json\/"}],"wp:attachment":[{"href":"https:\/\/sap.sc.gov.br\/en\/wp-json\/wp\/v2\/media?parent=1240"}],"wp:term":[{"taxonomy":"category","embeddable":true,"href":"https:\/\/sap.sc.gov.br\/en\/wp-json\/wp\/v2\/categories?post=1240"},{"taxonomy":"post_tag","embeddable":true,"href":"https:\/\/sap.sc.gov.br\/en\/wp-json\/wp\/v2\/tags?post=1240"}],"curies":[{"name":"wp","href":"https:\/\/api.w.org\/{rel}","templated":true}]}}