{"id":1300,"date":"2019-12-16T20:27:10","date_gmt":"2019-12-16T20:27:10","guid":{"rendered":"http:\/\/webdease2023.intranet.ciasc.gov.br\/2019\/12\/16\/projeto-da-sap-ira-instalar-13-novas-oficinas-de-capacitacao-em-unidades-prisionais\/"},"modified":"2019-12-16T20:27:10","modified_gmt":"2019-12-16T20:27:10","slug":"projeto-da-sap-ira-instalar-13-novas-oficinas-de-capacitacao-em-unidades-prisionais","status":"publish","type":"post","link":"https:\/\/sap.sc.gov.br\/en\/projeto-da-sap-ira-instalar-13-novas-oficinas-de-capacitacao-em-unidades-prisionais\/","title":{"rendered":"Projeto da SAP ir\u00e1 instalar 13 novas oficinas de capacita\u00e7\u00e3o em unidades prisionais"},"content":{"rendered":"<\/p>\n<p>O Depen (Departamento Penitenci\u00e1rio Nacional) aprovou a proposta da SAP (Secretaria de Administra\u00e7\u00e3o Prisional e Socioeducativa) para financiar 13 novas oficinas do Procap (Programa de Capacita\u00e7\u00e3o Permanente) nas unidades catarinenses. Ao todo, o estado receber\u00e1 6,8 milh\u00f5es para a execu\u00e7\u00e3o do projeto. A verba faz parte do 5\u00ba ciclo de concess\u00e3o de financiamento de a\u00e7\u00f5es de apoio ao trabalho e renda e capacita\u00e7\u00e3o profissional para pessoas presas, do Minist\u00e9rio da Justi\u00e7a e Seguran\u00e7a P\u00fablica.<\/p>\n<p>Com a aprova\u00e7\u00e3o da proposta or\u00e7ament\u00e1ria, o Depen ir\u00e1 assinar um conv\u00eanio com o estado de Santa Catarina at\u00e9 o dia 31 de dezembro. A partir da\u00ed, as unidades prisionais ter\u00e3o at\u00e9 o dia 31 de janeiro para enviarem o termo de refer\u00eancia para a Ger\u00eancia de Fundos, que adequar\u00e1 as propostas para dar in\u00edcio ao preg\u00e3o, licita\u00e7\u00e3o que definir\u00e1 as empresas respons\u00e1veis pela execu\u00e7\u00e3o das obras nas unidades.<\/p>\n<p>O valor do conv\u00eanio ser\u00e1 destinado \u00e0 compra de equipamentos e material de insumo, al\u00e9m do investimento para a capacita\u00e7\u00e3o dos internos designados para cada oficina. Ap\u00f3s a capacita\u00e7\u00e3o, a oficina poder\u00e1 gerar verba para o Fundo Penitenci\u00e1rio de cada unidade, respons\u00e1vel por financiar o custeio com infraestrutura e sustentabilidade dos estabelecimentos penais.<\/p>\n<p>\u201cAs oficinas permanentes s\u00e3o de extrema import\u00e2ncia n\u00e3o s\u00f3 para o autofinanciamento das unidades prisionais, mas tamb\u00e9m para a reabilita\u00e7\u00e3o social e econ\u00f4mica dos detentos do sistema\u201d declarou o Gerente de Trabalho e Renda da SAP, Paulo Cesar de Morais.<\/p>\n<p>Segundo Morais, as propostas tamb\u00e9m foram pensadas de acordo com os polos de emprego de cada regi\u00e3o. Uma das propostas de oficina, na Penitenci\u00e1ria da Regi\u00e3o de Curitibanos, por exemplo, se destina ao Processamento de Uva, atividade recorrente na regi\u00e3o serrana. Em Chapec\u00f3, ser\u00e3o instaladas uma oficina de panifica\u00e7\u00e3o no Pres\u00eddio Feminino, e de Processamento de Alimentos na Penitenci\u00e1ria Agr\u00edcola.<\/p>\n<p>Al\u00e9m destas, oficinas de Corte e Costura ser\u00e3o instaladas na Penitenci\u00e1ria Industrial de Joinville, no Pres\u00eddio Regional Feminino e na Penitenci\u00e1ria Agr\u00edcola de Chapec\u00f3, na Penitenci\u00e1ria de Florian\u00f3polis e no Pres\u00eddio Regional de Blumenau. O maior dos projetos ser\u00e1 implementado na Penitenci\u00e1ria Agr\u00edcola de Chapec\u00f3, que receber\u00e1 uma oficina de Artefatos e Cimentos.<\/p>","protected":false},"excerpt":{"rendered":"<p>O Depen (Departamento Penitenci\u00e1rio Nacional) aprovou a proposta da SAP (Secretaria de Administra\u00e7\u00e3o Prisional e Socioeducativa) para financiar 13 novas oficinas do Procap (Programa de Capacita\u00e7\u00e3o Permanente) nas unidades catarinenses. Ao todo, o estado receber\u00e1 6,8 milh\u00f5es para a execu\u00e7\u00e3o do projeto. A verba faz parte do 5\u00ba ciclo de concess\u00e3o de financiamento de a\u00e7\u00f5es [&hellip;]<\/p>\n","protected":false},"author":8,"featured_media":1299,"comment_status":"open","ping_status":"open","sticky":false,"template":"","format":"standard","meta":{"_monsterinsights_skip_tracking":false,"_monsterinsights_sitenote_active":false,"_monsterinsights_sitenote_note":"","_monsterinsights_sitenote_category":0,"footnotes":"","_wp_rev_ctl_limit":""},"categories":[1296],"tags":[],"publishpress_future_action":{"enabled":false,"date":"2026-05-03 16:38:11","action":"change-status","newStatus":"draft","terms":[],"taxonomy":"category"},"publishpress_future_workflow_manual_trigger":{"enabledWorkflows":[]},"_links":{"self":[{"href":"https:\/\/sap.sc.gov.br\/en\/wp-json\/wp\/v2\/posts\/1300"}],"collection":[{"href":"https:\/\/sap.sc.gov.br\/en\/wp-json\/wp\/v2\/posts"}],"about":[{"href":"https:\/\/sap.sc.gov.br\/en\/wp-json\/wp\/v2\/types\/post"}],"author":[{"embeddable":true,"href":"https:\/\/sap.sc.gov.br\/en\/wp-json\/wp\/v2\/users\/8"}],"replies":[{"embeddable":true,"href":"https:\/\/sap.sc.gov.br\/en\/wp-json\/wp\/v2\/comments?post=1300"}],"version-history":[{"count":0,"href":"https:\/\/sap.sc.gov.br\/en\/wp-json\/wp\/v2\/posts\/1300\/revisions"}],"wp:featuredmedia":[{"embeddable":true,"href":"https:\/\/sap.sc.gov.br\/en\/wp-json\/"}],"wp:attachment":[{"href":"https:\/\/sap.sc.gov.br\/en\/wp-json\/wp\/v2\/media?parent=1300"}],"wp:term":[{"taxonomy":"category","embeddable":true,"href":"https:\/\/sap.sc.gov.br\/en\/wp-json\/wp\/v2\/categories?post=1300"},{"taxonomy":"post_tag","embeddable":true,"href":"https:\/\/sap.sc.gov.br\/en\/wp-json\/wp\/v2\/tags?post=1300"}],"curies":[{"name":"wp","href":"https:\/\/api.w.org\/{rel}","templated":true}]}}