{"id":13078,"date":"2009-04-16T17:52:00","date_gmt":"2009-04-16T20:52:00","guid":{"rendered":"http:\/\/webdease2023.intranet.ciasc.gov.br\/2009\/04\/16\/solenidade-em-joinville\/"},"modified":"2023-07-13T17:52:19","modified_gmt":"2023-07-13T20:52:19","slug":"solenidade-em-joinville","status":"publish","type":"post","link":"https:\/\/sap.sc.gov.br\/en\/solenidade-em-joinville\/","title":{"rendered":"Solenidade em Joinville"},"content":{"rendered":"<p style=\"text-align: justify;\">No dia 13\/04\/2009, as 15:00 horas, em solenidade que contou coma Presen\u00e7a do Exmo Sr. Governador do Estado Luiz Henrique da Silveira, Secret\u00e1rio Executivo de Justi\u00e7a e Cidadania Dr. Justiniano Pedroso, e demais autoridades locais, foi assinada a ordem de servi\u00e7o para constru\u00e7\u00e3o da Unidade Prisional Avan\u00e7ada de S\u00e3o Francisco do sul, que ter\u00e1 capacidade de abrigar 72 reclusos. Ap\u00f3s o ato, o Governador inaugurou a amplia\u00e7\u00e3o da ala do regime fechado do Pres\u00eddio de Joinville, que ter\u00e1 capacidade para abrigar 186 detentos. o Diretor do Deap Hudson Queiroz, destacou o investimento que tem sido realizado pelo Governo do Estado na abertura de novas vagas no sistema prisional,lembrando que a forma mais eficaz para reduzir a superlota\u00e7\u00e3o \u00e9 atrav\u00e9s de investimentos em unidades modernas em Snta Catarina.<\/p>","protected":false},"excerpt":{"rendered":"<p>No dia 13\/04\/2009, as 15:00 horas, em solenidade que contou coma Presen\u00e7a do Exmo Sr. Governador do Estado Luiz Henrique da Silveira, Secret\u00e1rio Executivo de Justi\u00e7a e Cidadania Dr. Justiniano Pedroso, e demais autoridades locais, foi assinada a ordem de servi\u00e7o para constru\u00e7\u00e3o da Unidade Prisional Avan\u00e7ada de S\u00e3o Francisco do sul, que ter\u00e1 capacidade [&hellip;]<\/p>\n","protected":false},"author":6,"featured_media":14292,"comment_status":"open","ping_status":"open","sticky":false,"template":"","format":"standard","meta":{"_monsterinsights_skip_tracking":false,"_monsterinsights_sitenote_active":false,"_monsterinsights_sitenote_note":"","_monsterinsights_sitenote_category":0,"footnotes":"","_wp_rev_ctl_limit":""},"categories":[1296],"tags":[],"publishpress_future_action":{"enabled":false,"date":"2026-05-03 02:20:36","action":"change-status","newStatus":"draft","terms":[],"taxonomy":"category"},"publishpress_future_workflow_manual_trigger":{"enabledWorkflows":[]},"_links":{"self":[{"href":"https:\/\/sap.sc.gov.br\/en\/wp-json\/wp\/v2\/posts\/13078"}],"collection":[{"href":"https:\/\/sap.sc.gov.br\/en\/wp-json\/wp\/v2\/posts"}],"about":[{"href":"https:\/\/sap.sc.gov.br\/en\/wp-json\/wp\/v2\/types\/post"}],"author":[{"embeddable":true,"href":"https:\/\/sap.sc.gov.br\/en\/wp-json\/wp\/v2\/users\/6"}],"replies":[{"embeddable":true,"href":"https:\/\/sap.sc.gov.br\/en\/wp-json\/wp\/v2\/comments?post=13078"}],"version-history":[{"count":0,"href":"https:\/\/sap.sc.gov.br\/en\/wp-json\/wp\/v2\/posts\/13078\/revisions"}],"wp:featuredmedia":[{"embeddable":true,"href":"https:\/\/sap.sc.gov.br\/en\/wp-json\/wp\/v2\/media\/14292"}],"wp:attachment":[{"href":"https:\/\/sap.sc.gov.br\/en\/wp-json\/wp\/v2\/media?parent=13078"}],"wp:term":[{"taxonomy":"category","embeddable":true,"href":"https:\/\/sap.sc.gov.br\/en\/wp-json\/wp\/v2\/categories?post=13078"},{"taxonomy":"post_tag","embeddable":true,"href":"https:\/\/sap.sc.gov.br\/en\/wp-json\/wp\/v2\/tags?post=13078"}],"curies":[{"name":"wp","href":"https:\/\/api.w.org\/{rel}","templated":true}]}}