{"id":13082,"date":"2010-08-25T17:07:07","date_gmt":"2010-08-25T20:07:07","guid":{"rendered":"http:\/\/webdease2023.intranet.ciasc.gov.br\/2010\/08\/25\/seminario-estadual-de-educacao-em-prisoes\/"},"modified":"2023-07-13T17:52:09","modified_gmt":"2023-07-13T20:52:09","slug":"seminario-estadual-de-educacao-em-prisoes","status":"publish","type":"post","link":"https:\/\/sap.sc.gov.br\/en\/seminario-estadual-de-educacao-em-prisoes\/","title":{"rendered":"Semin\u00e1rio Estadual de Educa\u00e7\u00e3o em Pris\u00f5es"},"content":{"rendered":"<p style=\"text-align: justify;\">Na segunda-feira, 23\/08\/2010, teve in\u00edcio o Semin\u00e1rio Estadual de Educa\u00e7\u00e3o em Pris\u00f5es. Participaram da abertura do Semin\u00e1rio o Secret\u00e1rio de Seguran\u00e7a P\u00fablica e Defesa do Cidad\u00e3o, Dr. Andr\u00e9 Luiz Mendes da Silveira, o Secret\u00e1rio de Educa\u00e7\u00e3o, Dr. Silvestre Heerdt, o Diretor de Pol\u00edticas Penitenci\u00e1rias do Departamento Penitenci\u00e1rio Nacional, Dr. Andr\u00e9 Luis de Almeida e Cunha, o Diretor do Departamento de Administra\u00e7\u00e3o Prisional, Dr. Ad\u00e9rcio Jos\u00e9 Velter, o Consultor Geral da Secretaria de Justi\u00e7a e Cidadania, Dr. Jorge Diamantaras, o Supervisor da Coordenadoria de Execu\u00e7\u00e3o Penal do Tribunal de Justi\u00e7a, Dr. Antonio Juli\u00e3o da Silva, o Diretor de Educa\u00e7\u00e3o B\u00e1sica e Profissional, Dr. Antonio El\u00edzio Pazeto, o Presidente do Conselho Estadual de Educa\u00e7\u00e3o, Dr. Darci Laske, o Professor da USP, Dr. Roberto da Silva, Gestores de Unidades Prisionais e servidores da Secretaria de Educa\u00e7\u00e3o. O Semin\u00e1rio ter\u00e1 dura\u00e7\u00e3o de uma semana, onde haver\u00e1 e palestras e debates com objetivo de construir o Plano Estadual de Educa\u00e7\u00e3o em Pris\u00f5es. O evento est\u00e1 sendo realizado nas depend\u00eancias do Hotel Engenho Velho Eco Park \u2013 Rio Vermelho \u2013 Florian\u00f3polis.<\/p>","protected":false},"excerpt":{"rendered":"<p>Na segunda-feira, 23\/08\/2010, teve in\u00edcio o Semin\u00e1rio Estadual de Educa\u00e7\u00e3o em Pris\u00f5es. Participaram da abertura do Semin\u00e1rio o Secret\u00e1rio de Seguran\u00e7a P\u00fablica e Defesa do Cidad\u00e3o, Dr. Andr\u00e9 Luiz Mendes da Silveira, o Secret\u00e1rio de Educa\u00e7\u00e3o, Dr. Silvestre Heerdt, o Diretor de Pol\u00edticas Penitenci\u00e1rias do Departamento Penitenci\u00e1rio Nacional, Dr. Andr\u00e9 Luis de Almeida e Cunha, [&hellip;]<\/p>\n","protected":false},"author":6,"featured_media":14227,"comment_status":"open","ping_status":"open","sticky":false,"template":"","format":"standard","meta":{"_monsterinsights_skip_tracking":false,"_monsterinsights_sitenote_active":false,"_monsterinsights_sitenote_note":"","_monsterinsights_sitenote_category":0,"footnotes":"","_wp_rev_ctl_limit":""},"categories":[1296],"tags":[],"publishpress_future_action":{"enabled":false,"date":"2026-05-03 01:55:16","action":"change-status","newStatus":"draft","terms":[],"taxonomy":"category"},"publishpress_future_workflow_manual_trigger":{"enabledWorkflows":[]},"_links":{"self":[{"href":"https:\/\/sap.sc.gov.br\/en\/wp-json\/wp\/v2\/posts\/13082"}],"collection":[{"href":"https:\/\/sap.sc.gov.br\/en\/wp-json\/wp\/v2\/posts"}],"about":[{"href":"https:\/\/sap.sc.gov.br\/en\/wp-json\/wp\/v2\/types\/post"}],"author":[{"embeddable":true,"href":"https:\/\/sap.sc.gov.br\/en\/wp-json\/wp\/v2\/users\/6"}],"replies":[{"embeddable":true,"href":"https:\/\/sap.sc.gov.br\/en\/wp-json\/wp\/v2\/comments?post=13082"}],"version-history":[{"count":0,"href":"https:\/\/sap.sc.gov.br\/en\/wp-json\/wp\/v2\/posts\/13082\/revisions"}],"wp:featuredmedia":[{"embeddable":true,"href":"https:\/\/sap.sc.gov.br\/en\/wp-json\/wp\/v2\/media\/14227"}],"wp:attachment":[{"href":"https:\/\/sap.sc.gov.br\/en\/wp-json\/wp\/v2\/media?parent=13082"}],"wp:term":[{"taxonomy":"category","embeddable":true,"href":"https:\/\/sap.sc.gov.br\/en\/wp-json\/wp\/v2\/categories?post=13082"},{"taxonomy":"post_tag","embeddable":true,"href":"https:\/\/sap.sc.gov.br\/en\/wp-json\/wp\/v2\/tags?post=13082"}],"curies":[{"name":"wp","href":"https:\/\/api.w.org\/{rel}","templated":true}]}}