{"id":13089,"date":"2010-08-11T17:18:12","date_gmt":"2010-08-11T20:18:12","guid":{"rendered":"http:\/\/webdease2023.intranet.ciasc.gov.br\/2010\/08\/11\/inauguracao-do-pavilhao-de-reciclagem-verde-vida\/"},"modified":"2023-07-13T17:52:13","modified_gmt":"2023-07-13T20:52:13","slug":"inauguracao-do-pavilhao-de-reciclagem-verde-vida","status":"publish","type":"post","link":"https:\/\/sap.sc.gov.br\/en\/inauguracao-do-pavilhao-de-reciclagem-verde-vida\/","title":{"rendered":"Inaugura\u00e7\u00e3o do Pavilh\u00e3o de reciclagem Verde Vida"},"content":{"rendered":"<p style=\"text-align: justify;\">Neste s\u00e1bado, dia 07 de Agosto de 2010, ocorreu \u00e0 inaugura\u00e7\u00e3o do Pavilh\u00e3o de Reciclagem Verde Vida, localizado junto \u00e0 Penitenci\u00e1ria Agr\u00edcola de Chapec\u00f3. Participaram da inaugura\u00e7\u00e3o o Secret\u00e1rio de Estado de Desenvolvimento Regional de Chapec\u00f3, Gilberto Ari Tomazi, o Diretor do Departamento de Administra\u00e7\u00e3o Prisional, Ad\u00e9rcio Jos\u00e9 Velter, que representou o Secret\u00e1rio de Estado da Seguran\u00e7a P\u00fablica e Defesa do Cidad\u00e3o, e a Gerente Judici\u00e1ria em exerc\u00edcio do Departamento de Administra\u00e7\u00e3o Prisional, Marionice Soares Favero, que representou o Secret\u00e1rio Executivo de Justi\u00e7a e Cidadania, al\u00e9m de v\u00e1rias autoridades e Servidores do Sistema Prisional Catarinense. O novo pavilh\u00e3o de 525 m\u00b2 custou R$ 165.660,83 e \u00e9 fruto de um conv\u00eanio firmado entre o Governo do Estado e a ONG Verde Vida, que de contrapartida investiu R$ 23.000,00. A ONG Verde Vida, desenvolve dentro da Unidade Prisional de Chapec\u00f3 o projeto Oficina Educativa, o qual atua na reciclagem de lixo utilizando a m\u00e3o de obra de aproximadamente 70 reeducandos. O Diretor do Departamento de Administra\u00e7\u00e3o Prisional, Ad\u00e9rcio Jos\u00e9 Velter destacou a import\u00e2ncia do projeto para o meio ambiente e para a reinser\u00e7\u00e3o dos apenados na sociedade, pois um dos objetivos do projeto \u00e9 o encaminhamento dos reeducandos ao mercado de trabalho.<\/p>","protected":false},"excerpt":{"rendered":"<p>Neste s\u00e1bado, dia 07 de Agosto de 2010, ocorreu \u00e0 inaugura\u00e7\u00e3o do Pavilh\u00e3o de Reciclagem Verde Vida, localizado junto \u00e0 Penitenci\u00e1ria Agr\u00edcola de Chapec\u00f3. Participaram da inaugura\u00e7\u00e3o o Secret\u00e1rio de Estado de Desenvolvimento Regional de Chapec\u00f3, Gilberto Ari Tomazi, o Diretor do Departamento de Administra\u00e7\u00e3o Prisional, Ad\u00e9rcio Jos\u00e9 Velter, que representou o Secret\u00e1rio de Estado [&hellip;]<\/p>\n","protected":false},"author":6,"featured_media":14245,"comment_status":"open","ping_status":"open","sticky":false,"template":"","format":"standard","meta":{"_monsterinsights_skip_tracking":false,"_monsterinsights_sitenote_active":false,"_monsterinsights_sitenote_note":"","_monsterinsights_sitenote_category":0,"footnotes":"","_wp_rev_ctl_limit":""},"categories":[1296],"tags":[],"publishpress_future_action":{"enabled":false,"date":"2026-05-03 01:54:56","action":"change-status","newStatus":"draft","terms":[],"taxonomy":"category"},"publishpress_future_workflow_manual_trigger":{"enabledWorkflows":[]},"_links":{"self":[{"href":"https:\/\/sap.sc.gov.br\/en\/wp-json\/wp\/v2\/posts\/13089"}],"collection":[{"href":"https:\/\/sap.sc.gov.br\/en\/wp-json\/wp\/v2\/posts"}],"about":[{"href":"https:\/\/sap.sc.gov.br\/en\/wp-json\/wp\/v2\/types\/post"}],"author":[{"embeddable":true,"href":"https:\/\/sap.sc.gov.br\/en\/wp-json\/wp\/v2\/users\/6"}],"replies":[{"embeddable":true,"href":"https:\/\/sap.sc.gov.br\/en\/wp-json\/wp\/v2\/comments?post=13089"}],"version-history":[{"count":0,"href":"https:\/\/sap.sc.gov.br\/en\/wp-json\/wp\/v2\/posts\/13089\/revisions"}],"wp:featuredmedia":[{"embeddable":true,"href":"https:\/\/sap.sc.gov.br\/en\/wp-json\/wp\/v2\/media\/14245"}],"wp:attachment":[{"href":"https:\/\/sap.sc.gov.br\/en\/wp-json\/wp\/v2\/media?parent=13089"}],"wp:term":[{"taxonomy":"category","embeddable":true,"href":"https:\/\/sap.sc.gov.br\/en\/wp-json\/wp\/v2\/categories?post=13089"},{"taxonomy":"post_tag","embeddable":true,"href":"https:\/\/sap.sc.gov.br\/en\/wp-json\/wp\/v2\/tags?post=13089"}],"curies":[{"name":"wp","href":"https:\/\/api.w.org\/{rel}","templated":true}]}}