{"id":13103,"date":"2010-09-15T00:00:14","date_gmt":"2010-09-15T03:00:14","guid":{"rendered":"http:\/\/webdease2023.intranet.ciasc.gov.br\/2010\/09\/15\/comissao-de-gerenciamento-da-crise-no-sistema-prisional-visita-ct-estreito\/"},"modified":"2023-07-13T17:52:08","modified_gmt":"2023-07-13T20:52:08","slug":"comissao-de-gerenciamento-da-crise-no-sistema-prisional-visita-ct-estreito","status":"publish","type":"post","link":"https:\/\/sap.sc.gov.br\/en\/comissao-de-gerenciamento-da-crise-no-sistema-prisional-visita-ct-estreito\/","title":{"rendered":"Comiss\u00e3o de gerenciamento da crise no Sistema Prisional visita CT Estreito"},"content":{"rendered":"<p style=\"text-align: justify;\">No dia 13\/09\/2010, a Comiss\u00e3o de Gerenciamento da Crise no Sistema Prisional visitou as depend\u00eancias da Central de Triagem de Florian\u00f3polis, localizada no bairro do Estreito, e definiu uma s\u00e9rie de medidas para reduzir o n\u00famero de presos naquela unidade prisional e esvaziar as carceragens das delegacias de pol\u00edcia da Grande Florian\u00f3polis. A principal delas foi a de limitar em 80 o n\u00famero de presos na Central de Triagem, que hoje abrigava 102. O Secret\u00e1rio Andr\u00e9 Luis Mendes da Silveira confirmou que, no prazo de 45 dias, a SSP ter\u00e1 condi\u00e7\u00f5es de instalar uma nova central de triagem, com capacidade para receber 216 presos. \u201dQuerermos reduzir o n\u00famero de presos aqui nesta Central de Triagem e aproveitar para esvaziar as carceragens das delegacias de pol\u00edcia. Desta forma centralizamos os presos em duas unidades prisionais, no Estreito e a nova a ser constru\u00edda\u201c. J\u00e1 o promotor C\u00e9sar Augusto Grubba, um dos representantes do Minist\u00e9rio P\u00fablico que acompanhou a comiss\u00e3o, aprovou a decis\u00e3o de limitar em oitenta o n\u00famero de presos na unidade do Estreito que, segundo ele, com as melhorias feitas est\u00e1 bem diferente do quadro existente h\u00e1 dois anos. Tamb\u00e9m durante a visita ficou acertada o compartilhamento das imagens do monitoramento da Central de Triagem com o Minist\u00e9rio P\u00fablico. A comiss\u00e3o de Gerenciamento da Crise no Sistema Prisional \u00e9 formada por representantes das Secretarias da Seguran\u00e7a P\u00fablica e Defesa do Cidad\u00e3o (SSP), Secretaria de Justi\u00e7a e Cidadania, Minist\u00e9rio P\u00fablico, OAB\/SC e Procuradoria Geral do Estado (PGE). Segundo o secret\u00e1rio, a opera\u00e7\u00e3o de transfer\u00eancia dos presos para a nova Central deve come\u00e7ar no prazo de 30 dias.<\/p>","protected":false},"excerpt":{"rendered":"<p>No dia 13\/09\/2010, a Comiss\u00e3o de Gerenciamento da Crise no Sistema Prisional visitou as depend\u00eancias da Central de Triagem de Florian\u00f3polis, localizada no bairro do Estreito, e definiu uma s\u00e9rie de medidas para reduzir o n\u00famero de presos naquela unidade prisional e esvaziar as carceragens das delegacias de pol\u00edcia da Grande Florian\u00f3polis. A principal delas [&hellip;]<\/p>\n","protected":false},"author":6,"featured_media":14210,"comment_status":"open","ping_status":"open","sticky":false,"template":"","format":"standard","meta":{"_monsterinsights_skip_tracking":false,"_monsterinsights_sitenote_active":false,"_monsterinsights_sitenote_note":"","_monsterinsights_sitenote_category":0,"footnotes":"","_wp_rev_ctl_limit":""},"categories":[1296],"tags":[],"publishpress_future_action":{"enabled":false,"date":"2026-05-03 03:17:45","action":"change-status","newStatus":"draft","terms":[],"taxonomy":"category"},"publishpress_future_workflow_manual_trigger":{"enabledWorkflows":[]},"_links":{"self":[{"href":"https:\/\/sap.sc.gov.br\/en\/wp-json\/wp\/v2\/posts\/13103"}],"collection":[{"href":"https:\/\/sap.sc.gov.br\/en\/wp-json\/wp\/v2\/posts"}],"about":[{"href":"https:\/\/sap.sc.gov.br\/en\/wp-json\/wp\/v2\/types\/post"}],"author":[{"embeddable":true,"href":"https:\/\/sap.sc.gov.br\/en\/wp-json\/wp\/v2\/users\/6"}],"replies":[{"embeddable":true,"href":"https:\/\/sap.sc.gov.br\/en\/wp-json\/wp\/v2\/comments?post=13103"}],"version-history":[{"count":0,"href":"https:\/\/sap.sc.gov.br\/en\/wp-json\/wp\/v2\/posts\/13103\/revisions"}],"wp:featuredmedia":[{"embeddable":true,"href":"https:\/\/sap.sc.gov.br\/en\/wp-json\/wp\/v2\/media\/14210"}],"wp:attachment":[{"href":"https:\/\/sap.sc.gov.br\/en\/wp-json\/wp\/v2\/media?parent=13103"}],"wp:term":[{"taxonomy":"category","embeddable":true,"href":"https:\/\/sap.sc.gov.br\/en\/wp-json\/wp\/v2\/categories?post=13103"},{"taxonomy":"post_tag","embeddable":true,"href":"https:\/\/sap.sc.gov.br\/en\/wp-json\/wp\/v2\/tags?post=13103"}],"curies":[{"name":"wp","href":"https:\/\/api.w.org\/{rel}","templated":true}]}}