{"id":13113,"date":"2010-08-25T17:09:16","date_gmt":"2010-08-25T20:09:16","guid":{"rendered":"http:\/\/webdease2023.intranet.ciasc.gov.br\/2010\/08\/25\/visita-as-obras-das-novas-unidades-prisionais-do-complexo-penitenciario-da-regiao-do-vale-do-itajai\/"},"modified":"2023-07-13T17:52:10","modified_gmt":"2023-07-13T20:52:10","slug":"visita-as-obras-das-novas-unidades-prisionais-do-complexo-penitenciario-da-regiao-do-vale-do-itajai","status":"publish","type":"post","link":"https:\/\/sap.sc.gov.br\/en\/visita-as-obras-das-novas-unidades-prisionais-do-complexo-penitenciario-da-regiao-do-vale-do-itajai\/","title":{"rendered":"Visita \u00e0s obras das novas Unidades Prisionais do Complexo Penitenci\u00e1rio da Regi\u00e3o do Vale do Itaja\u00ed"},"content":{"rendered":"<p style=\"text-align: justify;\">Na quinta feira, 19\/08\/2010, o Diretor do Departamento de Administra\u00e7\u00e3o Prisional, Sr. Ad\u00e9rcio Jos\u00e9 Velter, acompanhado do Diretor de Planejamento da Secretaria de Seguran\u00e7a P\u00fablica, Sr. Jos\u00e9 Carlos Muller Filho, do Gerente de Projetos da Secretaria de Seguran\u00e7a P\u00fablica, Sr. Dagoberto Arns, do Gerente do Pres\u00eddio Regional de Itaja\u00ed, Sr. Maur\u00edlio Ant\u00f4nio da Silva e de Servidores do Sistema Prisional Catarinense visitou as obras das novas Unidades Prisionais do Complexo Penitenci\u00e1rio da Regi\u00e3o do Vale do Itaja\u00ed. Est\u00e3o em andamento a constru\u00e7\u00e3o da Penitenci\u00e1ria Regional com capacidade para abrigar 352 reeducandos, do Pres\u00eddio Regional com capacidade para abrigar 376 reeducandos e da Unidade destinada \u00e0 presos que cumprem pena no regime semi-aberto com capacidade de abrigar 120 reeducandos. At\u00e9 dezembro do corrente ano todas as tr\u00eas unidades estar\u00e3o conclu\u00eddas e 848 novas vagas estar\u00e3o dispon\u00edveis no Sistema Prisional Catarinense.<\/p>","protected":false},"excerpt":{"rendered":"<p>Na quinta feira, 19\/08\/2010, o Diretor do Departamento de Administra\u00e7\u00e3o Prisional, Sr. Ad\u00e9rcio Jos\u00e9 Velter, acompanhado do Diretor de Planejamento da Secretaria de Seguran\u00e7a P\u00fablica, Sr. Jos\u00e9 Carlos Muller Filho, do Gerente de Projetos da Secretaria de Seguran\u00e7a P\u00fablica, Sr. Dagoberto Arns, do Gerente do Pres\u00eddio Regional de Itaja\u00ed, Sr. Maur\u00edlio Ant\u00f4nio da Silva e [&hellip;]<\/p>\n","protected":false},"author":6,"featured_media":14231,"comment_status":"open","ping_status":"open","sticky":false,"template":"","format":"standard","meta":{"_monsterinsights_skip_tracking":false,"_monsterinsights_sitenote_active":false,"_monsterinsights_sitenote_note":"","_monsterinsights_sitenote_category":0,"footnotes":"","_wp_rev_ctl_limit":""},"categories":[1296],"tags":[],"publishpress_future_action":{"enabled":false,"date":"2026-05-03 02:01:28","action":"change-status","newStatus":"draft","terms":[],"taxonomy":"category"},"publishpress_future_workflow_manual_trigger":{"enabledWorkflows":[]},"_links":{"self":[{"href":"https:\/\/sap.sc.gov.br\/en\/wp-json\/wp\/v2\/posts\/13113"}],"collection":[{"href":"https:\/\/sap.sc.gov.br\/en\/wp-json\/wp\/v2\/posts"}],"about":[{"href":"https:\/\/sap.sc.gov.br\/en\/wp-json\/wp\/v2\/types\/post"}],"author":[{"embeddable":true,"href":"https:\/\/sap.sc.gov.br\/en\/wp-json\/wp\/v2\/users\/6"}],"replies":[{"embeddable":true,"href":"https:\/\/sap.sc.gov.br\/en\/wp-json\/wp\/v2\/comments?post=13113"}],"version-history":[{"count":0,"href":"https:\/\/sap.sc.gov.br\/en\/wp-json\/wp\/v2\/posts\/13113\/revisions"}],"wp:featuredmedia":[{"embeddable":true,"href":"https:\/\/sap.sc.gov.br\/en\/wp-json\/wp\/v2\/media\/14231"}],"wp:attachment":[{"href":"https:\/\/sap.sc.gov.br\/en\/wp-json\/wp\/v2\/media?parent=13113"}],"wp:term":[{"taxonomy":"category","embeddable":true,"href":"https:\/\/sap.sc.gov.br\/en\/wp-json\/wp\/v2\/categories?post=13113"},{"taxonomy":"post_tag","embeddable":true,"href":"https:\/\/sap.sc.gov.br\/en\/wp-json\/wp\/v2\/tags?post=13113"}],"curies":[{"name":"wp","href":"https:\/\/api.w.org\/{rel}","templated":true}]}}