{"id":13117,"date":"2010-12-21T00:00:50","date_gmt":"2010-12-21T02:00:50","guid":{"rendered":"http:\/\/webdease2023.intranet.ciasc.gov.br\/2010\/12\/21\/mensagem-a-todos-os-servidores-e-colabradores-do-sistema-prisional-catarinense\/"},"modified":"2023-07-13T17:52:03","modified_gmt":"2023-07-13T20:52:03","slug":"mensagem-a-todos-os-servidores-e-colabradores-do-sistema-prisional-catarinense","status":"publish","type":"post","link":"https:\/\/sap.sc.gov.br\/en\/mensagem-a-todos-os-servidores-e-colabradores-do-sistema-prisional-catarinense\/","title":{"rendered":"Mensagem a todos os servidores e colaboradores do Sistema Prisional Catarinense"},"content":{"rendered":"<p style=\"text-align: justify;\">Natal, que todos sabem, significa o nascimento de Jesus Cristo, que pela terra passou e que dela jamais se afastou. Pela tradi\u00e7\u00e3o predominante em muitos pa\u00edses e inclusive no Brasil, o dia 25 de dezembro \u00e9 a data em que cada ser humano de bons prop\u00f3sitos tem como h\u00e1bito presentear em especial, a quem dedica estima e considera\u00e7\u00e3o. Natal, que pela grandiosidade de seu simbolismo, tamb\u00e9m significa reflex\u00e3o, amor, fraternidade e esperan\u00e7a num horizonte promissor. Que cada AMIGO e COLABORADOR, no sagrado conv\u00edvio de seus familiares e demais entes queridos, brindem essa data com o l\u00edquido da sa\u00fade, do prazer, da felicidade e da esperan\u00e7a, na ta\u00e7a da harmonia e da uni\u00e3o. Feliz Natal e Pr\u00f3spero Ano Novo, a voc\u00ea e toda sua fam\u00edlia! Que os sonhos, hoje apenas sonhos, num breve futuro se transformem em realidade! Que o Manto Sagrado os cubra e os proteja, com sa\u00fade e felicidade! AD\u00c9RCIO JOS\u00c9 VELTER DIRETOR DO DEAP.<\/p>","protected":false},"excerpt":{"rendered":"<p>Natal, que todos sabem, significa o nascimento de Jesus Cristo, que pela terra passou e que dela jamais se afastou. Pela tradi\u00e7\u00e3o predominante em muitos pa\u00edses e inclusive no Brasil, o dia 25 de dezembro \u00e9 a data em que cada ser humano de bons prop\u00f3sitos tem como h\u00e1bito presentear em especial, a quem dedica [&hellip;]<\/p>\n","protected":false},"author":6,"featured_media":14163,"comment_status":"open","ping_status":"open","sticky":false,"template":"","format":"standard","meta":{"_monsterinsights_skip_tracking":false,"_monsterinsights_sitenote_active":false,"_monsterinsights_sitenote_note":"","_monsterinsights_sitenote_category":0,"footnotes":"","_wp_rev_ctl_limit":""},"categories":[1296],"tags":[],"publishpress_future_action":{"enabled":false,"date":"2026-05-03 03:11:59","action":"change-status","newStatus":"draft","terms":[],"taxonomy":"category"},"publishpress_future_workflow_manual_trigger":{"enabledWorkflows":[]},"_links":{"self":[{"href":"https:\/\/sap.sc.gov.br\/en\/wp-json\/wp\/v2\/posts\/13117"}],"collection":[{"href":"https:\/\/sap.sc.gov.br\/en\/wp-json\/wp\/v2\/posts"}],"about":[{"href":"https:\/\/sap.sc.gov.br\/en\/wp-json\/wp\/v2\/types\/post"}],"author":[{"embeddable":true,"href":"https:\/\/sap.sc.gov.br\/en\/wp-json\/wp\/v2\/users\/6"}],"replies":[{"embeddable":true,"href":"https:\/\/sap.sc.gov.br\/en\/wp-json\/wp\/v2\/comments?post=13117"}],"version-history":[{"count":0,"href":"https:\/\/sap.sc.gov.br\/en\/wp-json\/wp\/v2\/posts\/13117\/revisions"}],"wp:featuredmedia":[{"embeddable":true,"href":"https:\/\/sap.sc.gov.br\/en\/wp-json\/wp\/v2\/media\/14163"}],"wp:attachment":[{"href":"https:\/\/sap.sc.gov.br\/en\/wp-json\/wp\/v2\/media?parent=13117"}],"wp:term":[{"taxonomy":"category","embeddable":true,"href":"https:\/\/sap.sc.gov.br\/en\/wp-json\/wp\/v2\/categories?post=13117"},{"taxonomy":"post_tag","embeddable":true,"href":"https:\/\/sap.sc.gov.br\/en\/wp-json\/wp\/v2\/tags?post=13117"}],"curies":[{"name":"wp","href":"https:\/\/api.w.org\/{rel}","templated":true}]}}