{"id":13118,"date":"2010-12-21T00:00:30","date_gmt":"2010-12-21T02:00:30","guid":{"rendered":"http:\/\/webdease2023.intranet.ciasc.gov.br\/2010\/12\/21\/upa-de-sao-miguel-do-oeste-inicia-trabalhos-aos-reeducandos\/"},"modified":"2023-07-13T17:52:03","modified_gmt":"2023-07-13T20:52:03","slug":"upa-de-sao-miguel-do-oeste-inicia-trabalhos-aos-reeducandos","status":"publish","type":"post","link":"https:\/\/sap.sc.gov.br\/en\/upa-de-sao-miguel-do-oeste-inicia-trabalhos-aos-reeducandos\/","title":{"rendered":"UPA de S\u00e3o Miguel do Oeste inicia trabalhos aos Reeducandos"},"content":{"rendered":"<p style=\"text-align: justify;\">No dia 15\/12\/2010, os detentos da Unidade Prisional Avan\u00e7ada de S\u00e3o Miguel do Oeste iniciaram os trabalhos de confec\u00e7\u00e3o de capas para assentos de ve\u00edculos. O trabalho disponibilizado aos reeducandos \u00e9 fruto de uma parceria com o Conselho da Comunidade e com a Empresa Ramos Brindes. Segundo o Administrador da UPA Sr. Silvio Andr\u00e9 Gutz \u201co objetivo \u00e9 ocupar o tempo ocioso dos detentos e dar condi\u00e7\u00f5es a quem n\u00e3o tem meios de ajudar seus familiares de estarem contribuindo financeiramente, tendo em vista que o trabalho ser\u00e1 remunerado\u201d.<\/p>","protected":false},"excerpt":{"rendered":"<p>No dia 15\/12\/2010, os detentos da Unidade Prisional Avan\u00e7ada de S\u00e3o Miguel do Oeste iniciaram os trabalhos de confec\u00e7\u00e3o de capas para assentos de ve\u00edculos. O trabalho disponibilizado aos reeducandos \u00e9 fruto de uma parceria com o Conselho da Comunidade e com a Empresa Ramos Brindes. Segundo o Administrador da UPA Sr. Silvio Andr\u00e9 Gutz [&hellip;]<\/p>\n","protected":false},"author":6,"featured_media":14167,"comment_status":"open","ping_status":"open","sticky":false,"template":"","format":"standard","meta":{"_monsterinsights_skip_tracking":false,"_monsterinsights_sitenote_active":false,"_monsterinsights_sitenote_note":"","_monsterinsights_sitenote_category":0,"footnotes":"","_wp_rev_ctl_limit":""},"categories":[1296],"tags":[],"publishpress_future_action":{"enabled":false,"date":"2026-05-03 03:18:48","action":"change-status","newStatus":"draft","terms":[],"taxonomy":"category"},"publishpress_future_workflow_manual_trigger":{"enabledWorkflows":[]},"_links":{"self":[{"href":"https:\/\/sap.sc.gov.br\/en\/wp-json\/wp\/v2\/posts\/13118"}],"collection":[{"href":"https:\/\/sap.sc.gov.br\/en\/wp-json\/wp\/v2\/posts"}],"about":[{"href":"https:\/\/sap.sc.gov.br\/en\/wp-json\/wp\/v2\/types\/post"}],"author":[{"embeddable":true,"href":"https:\/\/sap.sc.gov.br\/en\/wp-json\/wp\/v2\/users\/6"}],"replies":[{"embeddable":true,"href":"https:\/\/sap.sc.gov.br\/en\/wp-json\/wp\/v2\/comments?post=13118"}],"version-history":[{"count":0,"href":"https:\/\/sap.sc.gov.br\/en\/wp-json\/wp\/v2\/posts\/13118\/revisions"}],"wp:featuredmedia":[{"embeddable":true,"href":"https:\/\/sap.sc.gov.br\/en\/wp-json\/wp\/v2\/media\/14167"}],"wp:attachment":[{"href":"https:\/\/sap.sc.gov.br\/en\/wp-json\/wp\/v2\/media?parent=13118"}],"wp:term":[{"taxonomy":"category","embeddable":true,"href":"https:\/\/sap.sc.gov.br\/en\/wp-json\/wp\/v2\/categories?post=13118"},{"taxonomy":"post_tag","embeddable":true,"href":"https:\/\/sap.sc.gov.br\/en\/wp-json\/wp\/v2\/tags?post=13118"}],"curies":[{"name":"wp","href":"https:\/\/api.w.org\/{rel}","templated":true}]}}