{"id":13119,"date":"2010-12-15T00:00:50","date_gmt":"2010-12-15T02:00:50","guid":{"rendered":"http:\/\/webdease2023.intranet.ciasc.gov.br\/2010\/12\/15\/veja-o-que-diz-sobre-o-deap-o-secretario-de-seguranca-publica-em-entrevista-a-revista-sinpol\/"},"modified":"2023-07-13T17:52:03","modified_gmt":"2023-07-13T20:52:03","slug":"veja-o-que-diz-sobre-o-deap-o-secretario-de-seguranca-publica-em-entrevista-a-revista-sinpol","status":"publish","type":"post","link":"https:\/\/sap.sc.gov.br\/en\/veja-o-que-diz-sobre-o-deap-o-secretario-de-seguranca-publica-em-entrevista-a-revista-sinpol\/","title":{"rendered":"Veja o que diz sobre o DEAP o Secret\u00e1rio de Seguran\u00e7a P\u00fablica, em entrevista a Revista Sinpol"},"content":{"rendered":"<p style=\"text-align: justify;\">Revista SInpol &#8211; Secret\u00e1rio, O Sr. Assumiu com proposta de integra\u00e7\u00e3o entre as for\u00e7as de seguran\u00e7a? Como avalia o trabalho conjunto feito at\u00e9 agora pela Pol\u00edcia Militar, Civil e DEAP. Dr. Andr\u00e9 Luiz Mendes da Silveira \u2013 Avalio como um processo inicial de aproxima\u00e7\u00e3o. Poder\u00edamos fazer um paralelo como uma situa\u00e7\u00e3o de namoro. Antes s\u00f3 de conheciam superficialmente e se encontravam. Hoje j\u00e1 trocam telefone, trabalham juntos, andam de carro juntos, ent\u00e3o, \u00e9 um processo cont\u00ednuo que tem que ser pensado diariamente. Quanto mais se trabalha, mais se conhece as dificuldades e as peculiaridades das Institui\u00e7\u00f5es. E trazer um departamento de assuntos prisionais para essa discuss\u00e3o foi muito positivo, porque as pol\u00edcias prendem, mas as pessoas ficam dentro do sistema prisional. E muitas vezes o sistema prisional tem que administrar quadrilhas, investigar sua atua\u00e7\u00e3o, cuidar da movimenta\u00e7\u00e3o do preso, enfim. Ent\u00e3o nessa propor\u00e7\u00e3o do DEAP e muito importante. Revista Sinpol \u2013 O sistema prisional, apesar de todos os esfor\u00e7os do governo, continua sendo o calcanhar de Aquiles na \u00e1rea da Seguran\u00e7a P\u00fablica. Quais as a\u00e7\u00f5es que o senhor destaca, desenvolvidas pela SSP e Secretaria Executiva da Justi\u00e7a, para minimizar este quadro? Dr. Andr\u00e9 Luiz Mendes da Silveira \u2013 \u00c9 ineg\u00e1vel que a Seguran\u00e7a P\u00fablica e a Justi\u00e7a t\u00eam que conservar, tem que ter um di\u00e1logo franco e aberto. A secretaria da Justi\u00e7a n\u00e3o pode esconder as suas mazelas e n\u00e3o responder ao Judici\u00e1rio, que foi um dos problemas que n\u00f3s percebemos. Of\u00edcios de Ju\u00edzes que \u00e0s vezes n\u00e3o eram sequer respondidos, ent\u00e3o isso cria uma regi\u00e3o de atrito. Por outro lado, tamb\u00e9m os Ju\u00edzes conheceram o sistema prisional, entenderam que o preso muitas vezes tem que ser deslocado por quest\u00f5es de seguran\u00e7a, para quebrar a quadrilha e a sua atua\u00e7\u00e3o atr\u00e1s das grades. \u00c9 fundamental, ent\u00e3o, esse processo de intera\u00e7\u00e3o na aplica\u00e7\u00e3o at\u00e9 mesmo de verbas. Precisamos explicar melhor para a sociedade que o regime semi-aberto \u00e9 um regime em que o preso est\u00e1 sendo testado. Se o preso est\u00e1 em condi\u00e7\u00f5es de se ressocializar ele usa o semi-aberto com laborat\u00f3rio. N\u00f3s trabalharmos com o semi-aberto, junto com o Judici\u00e1rio, fazendo a progress\u00e3o de pena e possibilitando a abertura de vagas no regime fechado. O semi-aberto \u00e9 uma constru\u00e7\u00e3o mais r\u00e1pida e tamb\u00e9m \u00e9 um processo de humaniza\u00e7\u00e3o, voc\u00ea n\u00e3o pode manter uma pessoa dez, quinze anos trancada e depois abrir uma porta e dizer vai pra a sociedade. Ele tem que ter um processo de readapta\u00e7\u00e3o ent\u00e3o passa para o semi-aberto que, hoje, tem sido um investimento priorit\u00e1rio para a Seguran\u00e7a P\u00fablica.<\/p>","protected":false},"excerpt":{"rendered":"<p>Revista SInpol &#8211; Secret\u00e1rio, O Sr. Assumiu com proposta de integra\u00e7\u00e3o entre as for\u00e7as de seguran\u00e7a? Como avalia o trabalho conjunto feito at\u00e9 agora pela Pol\u00edcia Militar, Civil e DEAP. Dr. Andr\u00e9 Luiz Mendes da Silveira \u2013 Avalio como um processo inicial de aproxima\u00e7\u00e3o. Poder\u00edamos fazer um paralelo como uma situa\u00e7\u00e3o de namoro. Antes s\u00f3 [&hellip;]<\/p>\n","protected":false},"author":6,"featured_media":14169,"comment_status":"open","ping_status":"open","sticky":false,"template":"","format":"standard","meta":{"_monsterinsights_skip_tracking":false,"_monsterinsights_sitenote_active":false,"_monsterinsights_sitenote_note":"","_monsterinsights_sitenote_category":0,"footnotes":"","_wp_rev_ctl_limit":""},"categories":[1296],"tags":[],"publishpress_future_action":{"enabled":false,"date":"2026-05-03 03:18:15","action":"change-status","newStatus":"draft","terms":[],"taxonomy":"category"},"publishpress_future_workflow_manual_trigger":{"enabledWorkflows":[]},"_links":{"self":[{"href":"https:\/\/sap.sc.gov.br\/en\/wp-json\/wp\/v2\/posts\/13119"}],"collection":[{"href":"https:\/\/sap.sc.gov.br\/en\/wp-json\/wp\/v2\/posts"}],"about":[{"href":"https:\/\/sap.sc.gov.br\/en\/wp-json\/wp\/v2\/types\/post"}],"author":[{"embeddable":true,"href":"https:\/\/sap.sc.gov.br\/en\/wp-json\/wp\/v2\/users\/6"}],"replies":[{"embeddable":true,"href":"https:\/\/sap.sc.gov.br\/en\/wp-json\/wp\/v2\/comments?post=13119"}],"version-history":[{"count":0,"href":"https:\/\/sap.sc.gov.br\/en\/wp-json\/wp\/v2\/posts\/13119\/revisions"}],"wp:featuredmedia":[{"embeddable":true,"href":"https:\/\/sap.sc.gov.br\/en\/wp-json\/wp\/v2\/media\/14169"}],"wp:attachment":[{"href":"https:\/\/sap.sc.gov.br\/en\/wp-json\/wp\/v2\/media?parent=13119"}],"wp:term":[{"taxonomy":"category","embeddable":true,"href":"https:\/\/sap.sc.gov.br\/en\/wp-json\/wp\/v2\/categories?post=13119"},{"taxonomy":"post_tag","embeddable":true,"href":"https:\/\/sap.sc.gov.br\/en\/wp-json\/wp\/v2\/tags?post=13119"}],"curies":[{"name":"wp","href":"https:\/\/api.w.org\/{rel}","templated":true}]}}