{"id":13121,"date":"2010-12-08T00:00:50","date_gmt":"2010-12-08T02:00:50","guid":{"rendered":"http:\/\/webdease2023.intranet.ciasc.gov.br\/2010\/12\/08\/diretor-de-deap-visita-a-upa-de-correia-pinto\/"},"modified":"2023-07-13T17:52:04","modified_gmt":"2023-07-13T20:52:04","slug":"diretor-de-deap-visita-a-upa-de-correia-pinto","status":"publish","type":"post","link":"https:\/\/sap.sc.gov.br\/en\/diretor-de-deap-visita-a-upa-de-correia-pinto\/","title":{"rendered":"Diretor de DEAP visita a UPA de Correia Pinto"},"content":{"rendered":"<p style=\"text-align: justify;\">Na quarta-feira (01.12.2010), o Diretor do Departamento de Administra\u00e7\u00e3o Prisional, Sr. Ad\u00e9rcio Jos\u00e9 Velter, realizou uma visita de rotina na Unidade Prisional Avan\u00e7ada de Correia Pinto, onde acompanhado do Gestor da UPA, Sr. Marcio de Oliveira, conheceu as obras de melhoria que est\u00e3o sendo realizadas atrav\u00e9s de parceria entre o Conselho da Comunidade de Correia Pinto, a Prefeitura Municipal de Correia Pinto e a Secretaria de Seguran\u00e7a P\u00fablica e Defesa do Cidad\u00e3o. No fim da visita o Diretor do DEAP, parabenizou todos os servidores da UPA pelo excelente trabalho que est\u00e3o realizando.<\/p>","protected":false},"excerpt":{"rendered":"<p>Na quarta-feira (01.12.2010), o Diretor do Departamento de Administra\u00e7\u00e3o Prisional, Sr. Ad\u00e9rcio Jos\u00e9 Velter, realizou uma visita de rotina na Unidade Prisional Avan\u00e7ada de Correia Pinto, onde acompanhado do Gestor da UPA, Sr. Marcio de Oliveira, conheceu as obras de melhoria que est\u00e3o sendo realizadas atrav\u00e9s de parceria entre o Conselho da Comunidade de Correia [&hellip;]<\/p>\n","protected":false},"author":6,"featured_media":14173,"comment_status":"open","ping_status":"open","sticky":false,"template":"","format":"standard","meta":{"_monsterinsights_skip_tracking":false,"_monsterinsights_sitenote_active":false,"_monsterinsights_sitenote_note":"","_monsterinsights_sitenote_category":0,"footnotes":"","_wp_rev_ctl_limit":""},"categories":[1296],"tags":[],"publishpress_future_action":{"enabled":false,"date":"2026-05-03 03:11:08","action":"change-status","newStatus":"draft","terms":[],"taxonomy":"category"},"publishpress_future_workflow_manual_trigger":{"enabledWorkflows":[]},"_links":{"self":[{"href":"https:\/\/sap.sc.gov.br\/en\/wp-json\/wp\/v2\/posts\/13121"}],"collection":[{"href":"https:\/\/sap.sc.gov.br\/en\/wp-json\/wp\/v2\/posts"}],"about":[{"href":"https:\/\/sap.sc.gov.br\/en\/wp-json\/wp\/v2\/types\/post"}],"author":[{"embeddable":true,"href":"https:\/\/sap.sc.gov.br\/en\/wp-json\/wp\/v2\/users\/6"}],"replies":[{"embeddable":true,"href":"https:\/\/sap.sc.gov.br\/en\/wp-json\/wp\/v2\/comments?post=13121"}],"version-history":[{"count":0,"href":"https:\/\/sap.sc.gov.br\/en\/wp-json\/wp\/v2\/posts\/13121\/revisions"}],"wp:featuredmedia":[{"embeddable":true,"href":"https:\/\/sap.sc.gov.br\/en\/wp-json\/wp\/v2\/media\/14173"}],"wp:attachment":[{"href":"https:\/\/sap.sc.gov.br\/en\/wp-json\/wp\/v2\/media?parent=13121"}],"wp:term":[{"taxonomy":"category","embeddable":true,"href":"https:\/\/sap.sc.gov.br\/en\/wp-json\/wp\/v2\/categories?post=13121"},{"taxonomy":"post_tag","embeddable":true,"href":"https:\/\/sap.sc.gov.br\/en\/wp-json\/wp\/v2\/tags?post=13121"}],"curies":[{"name":"wp","href":"https:\/\/api.w.org\/{rel}","templated":true}]}}