{"id":13122,"date":"2010-12-08T00:00:40","date_gmt":"2010-12-08T02:00:40","guid":{"rendered":"http:\/\/webdease2023.intranet.ciasc.gov.br\/2010\/12\/08\/diretor-de-deap-visita-o-presidio-regional-de-cacador\/"},"modified":"2023-07-13T17:52:04","modified_gmt":"2023-07-13T20:52:04","slug":"diretor-de-deap-visita-o-presidio-regional-de-cacador","status":"publish","type":"post","link":"https:\/\/sap.sc.gov.br\/en\/diretor-de-deap-visita-o-presidio-regional-de-cacador\/","title":{"rendered":"Diretor de DEAP visita o Pres\u00eddio Regional de Ca\u00e7ador"},"content":{"rendered":"<p style=\"text-align: justify;\">Na ter\u00e7a-feira, 30\/11. o Diretor do Departamento de Administra\u00e7\u00e3o Prisional, Sr. Ad\u00e9rcio Jos\u00e9 Velter, realizou uma visita de rotina no Pres\u00eddio de Ca\u00e7ador onde acompanhado do Gerente da Unidade Prisional, Sr. Jair Boaventura conheceu as oficinas de trabalho onde os reeducando produzem filtros descart\u00e1veis de papel para caf\u00e9 e reciclam pl\u00e1stico transformando-o em mat\u00e9ria prima. O trabalho desenvolvido \u00e9 fruto de um conv\u00eanio firmado entre a SSP\/SJC atrav\u00e9s do DEAP com as Empresas locais Magna Plast, Super Suprema e Gran Plastic, e tem o objetico de preparar o reeducando para a reintegra\u00e7\u00e3o na sociedade atrav\u00e9s do trabalho. No fim da visita o Diretor do DEAP parabenizou o Gerente, Agentes Penitenci\u00e1rios e demais Servidores do Pres\u00eddio pelo bom trabalho que est\u00e3o realizando.<\/p>","protected":false},"excerpt":{"rendered":"<p>Na ter\u00e7a-feira, 30\/11. o Diretor do Departamento de Administra\u00e7\u00e3o Prisional, Sr. Ad\u00e9rcio Jos\u00e9 Velter, realizou uma visita de rotina no Pres\u00eddio de Ca\u00e7ador onde acompanhado do Gerente da Unidade Prisional, Sr. Jair Boaventura conheceu as oficinas de trabalho onde os reeducando produzem filtros descart\u00e1veis de papel para caf\u00e9 e reciclam pl\u00e1stico transformando-o em mat\u00e9ria prima. [&hellip;]<\/p>\n","protected":false},"author":6,"featured_media":14175,"comment_status":"open","ping_status":"open","sticky":false,"template":"","format":"standard","meta":{"_monsterinsights_skip_tracking":false,"_monsterinsights_sitenote_active":false,"_monsterinsights_sitenote_note":"","_monsterinsights_sitenote_category":0,"footnotes":"","_wp_rev_ctl_limit":""},"categories":[1296],"tags":[],"publishpress_future_action":{"enabled":false,"date":"2026-05-03 03:12:00","action":"change-status","newStatus":"draft","terms":[],"taxonomy":"category"},"publishpress_future_workflow_manual_trigger":{"enabledWorkflows":[]},"_links":{"self":[{"href":"https:\/\/sap.sc.gov.br\/en\/wp-json\/wp\/v2\/posts\/13122"}],"collection":[{"href":"https:\/\/sap.sc.gov.br\/en\/wp-json\/wp\/v2\/posts"}],"about":[{"href":"https:\/\/sap.sc.gov.br\/en\/wp-json\/wp\/v2\/types\/post"}],"author":[{"embeddable":true,"href":"https:\/\/sap.sc.gov.br\/en\/wp-json\/wp\/v2\/users\/6"}],"replies":[{"embeddable":true,"href":"https:\/\/sap.sc.gov.br\/en\/wp-json\/wp\/v2\/comments?post=13122"}],"version-history":[{"count":0,"href":"https:\/\/sap.sc.gov.br\/en\/wp-json\/wp\/v2\/posts\/13122\/revisions"}],"wp:featuredmedia":[{"embeddable":true,"href":"https:\/\/sap.sc.gov.br\/en\/wp-json\/wp\/v2\/media\/14175"}],"wp:attachment":[{"href":"https:\/\/sap.sc.gov.br\/en\/wp-json\/wp\/v2\/media?parent=13122"}],"wp:term":[{"taxonomy":"category","embeddable":true,"href":"https:\/\/sap.sc.gov.br\/en\/wp-json\/wp\/v2\/categories?post=13122"},{"taxonomy":"post_tag","embeddable":true,"href":"https:\/\/sap.sc.gov.br\/en\/wp-json\/wp\/v2\/tags?post=13122"}],"curies":[{"name":"wp","href":"https:\/\/api.w.org\/{rel}","templated":true}]}}