{"id":13138,"date":"2011-02-23T00:00:50","date_gmt":"2011-02-23T03:00:50","guid":{"rendered":"http:\/\/webdease2023.intranet.ciasc.gov.br\/2011\/02\/23\/empossados-os-gerentes-dos-presidios-masculino-e-feminino-de-florianopolis\/"},"modified":"2023-07-13T17:51:58","modified_gmt":"2023-07-13T20:51:58","slug":"empossados-os-gerentes-dos-presidios-masculino-e-feminino-de-florianopolis","status":"publish","type":"post","link":"https:\/\/sap.sc.gov.br\/en\/empossados-os-gerentes-dos-presidios-masculino-e-feminino-de-florianopolis\/","title":{"rendered":"Empossados os Gerentes dos Pres\u00eddios Masculino e Feminino de Florian\u00f3polis"},"content":{"rendered":"<p style=\"text-align: justify;\">O diretor do Departamento de Administra\u00e7\u00e3o Prisional (DEAP), Ad\u00e9rcio Jos\u00e9 Velter, nesta ter\u00e7a-feira realizou mudan\u00e7as na gest\u00e3o dos pres\u00eddios masculino e feminino de Florian\u00f3polis. Assumem as dire\u00e7\u00f5es, receptivamente, Euclides da Silva e Tatiane de Souza Leandro. Euclides \u00e9 agente penitenci\u00e1rio h\u00e1 30 anos no sistema. Atuou como chefe de seguran\u00e7a da penitenci\u00e1ria de Florian\u00f3polis e do pres\u00eddio masculino da Capital. O agente assumir\u00e1 a gest\u00e3o do pres\u00eddio no lugar do policial civil Sidnei Kinceski \u2014 no comando desde 2003. Tatiane, tamb\u00e9m agente penitenci\u00e1ria e bacharel em direito, exerceu a fun\u00e7\u00e3o de gerente de execu\u00e7\u00e3o penal do DEAP e trabalha no sistema prisional h\u00e1 oito anos. Ela substituir\u00e1 Maria da Concei\u00e7\u00e3o Pereira, que era diretora do pres\u00eddio feminino desde 2003.<\/p>","protected":false},"excerpt":{"rendered":"<p>O diretor do Departamento de Administra\u00e7\u00e3o Prisional (DEAP), Ad\u00e9rcio Jos\u00e9 Velter, nesta ter\u00e7a-feira realizou mudan\u00e7as na gest\u00e3o dos pres\u00eddios masculino e feminino de Florian\u00f3polis. Assumem as dire\u00e7\u00f5es, receptivamente, Euclides da Silva e Tatiane de Souza Leandro. Euclides \u00e9 agente penitenci\u00e1rio h\u00e1 30 anos no sistema. Atuou como chefe de seguran\u00e7a da penitenci\u00e1ria de Florian\u00f3polis e [&hellip;]<\/p>\n","protected":false},"author":6,"featured_media":14128,"comment_status":"open","ping_status":"open","sticky":false,"template":"","format":"standard","meta":{"_monsterinsights_skip_tracking":false,"_monsterinsights_sitenote_active":false,"_monsterinsights_sitenote_note":"","_monsterinsights_sitenote_category":0,"footnotes":"","_wp_rev_ctl_limit":""},"categories":[1296],"tags":[],"publishpress_future_action":{"enabled":false,"date":"2026-05-03 04:19:08","action":"change-status","newStatus":"draft","terms":[],"taxonomy":"category"},"publishpress_future_workflow_manual_trigger":{"enabledWorkflows":[]},"_links":{"self":[{"href":"https:\/\/sap.sc.gov.br\/en\/wp-json\/wp\/v2\/posts\/13138"}],"collection":[{"href":"https:\/\/sap.sc.gov.br\/en\/wp-json\/wp\/v2\/posts"}],"about":[{"href":"https:\/\/sap.sc.gov.br\/en\/wp-json\/wp\/v2\/types\/post"}],"author":[{"embeddable":true,"href":"https:\/\/sap.sc.gov.br\/en\/wp-json\/wp\/v2\/users\/6"}],"replies":[{"embeddable":true,"href":"https:\/\/sap.sc.gov.br\/en\/wp-json\/wp\/v2\/comments?post=13138"}],"version-history":[{"count":0,"href":"https:\/\/sap.sc.gov.br\/en\/wp-json\/wp\/v2\/posts\/13138\/revisions"}],"wp:featuredmedia":[{"embeddable":true,"href":"https:\/\/sap.sc.gov.br\/en\/wp-json\/wp\/v2\/media\/14128"}],"wp:attachment":[{"href":"https:\/\/sap.sc.gov.br\/en\/wp-json\/wp\/v2\/media?parent=13138"}],"wp:term":[{"taxonomy":"category","embeddable":true,"href":"https:\/\/sap.sc.gov.br\/en\/wp-json\/wp\/v2\/categories?post=13138"},{"taxonomy":"post_tag","embeddable":true,"href":"https:\/\/sap.sc.gov.br\/en\/wp-json\/wp\/v2\/tags?post=13138"}],"curies":[{"name":"wp","href":"https:\/\/api.w.org\/{rel}","templated":true}]}}