{"id":13148,"date":"2011-01-17T00:00:40","date_gmt":"2011-01-17T02:00:40","guid":{"rendered":"http:\/\/webdease2023.intranet.ciasc.gov.br\/2011\/01\/17\/secretario-executivo-de-justica-e-cidadania-visita-o-presidio-de-ararangua\/"},"modified":"2023-07-13T17:52:00","modified_gmt":"2023-07-13T20:52:00","slug":"secretario-executivo-de-justica-e-cidadania-visita-o-presidio-de-ararangua","status":"publish","type":"post","link":"https:\/\/sap.sc.gov.br\/en\/secretario-executivo-de-justica-e-cidadania-visita-o-presidio-de-ararangua\/","title":{"rendered":"Secret\u00e1rio Executivo de Justi\u00e7a e Cidadania Visita o Pres\u00eddio de Ararangu\u00e1"},"content":{"rendered":"<p style=\"text-align: justify;\">No dia 14\/01\/2011, o Senhor Secret\u00e1rio Executivo de Justi\u00e7a e Cidadania, Cel PM Jo\u00e3o Luiz Botelho, acompanhado do Diretor do Departamento de Administra\u00e7\u00e3o Prisional &#8211; DEAP, Sr. Ad\u00e9rcio Jos\u00e9 Velter, visitou as instala\u00e7\u00f5es do Pres\u00eddio Regional de Ararangu\u00e1. Conheceu o setor de regime fechado, semiaberto, \u00e1rea de sa\u00fade e horta. Observou-se muita dedica\u00e7\u00e3o e comprometimento de toda a equipe de trabalho, por\u00e9m, o que mais chamou a aten\u00e7\u00e3o foi \u00e0 constru\u00e7\u00e3o da Ala destinada ao tratamento de dependentes qu\u00edmicos, que est\u00e1 sendo edificada com verbas oriundas de transa\u00e7\u00f5es penais do Poder Judici\u00e1rio de Ararangu\u00e1, Sombrio e Santa Rosa do Sul. O Projeto pioneiro no Sistema Prisional Catarinense est\u00e1 or\u00e7ado ao custo final de R$70.000,00 (setenta mil reais), valor este, que ser\u00e1 destinado \u00e0 compra dos materiais de constru\u00e7\u00e3o. A m\u00e3o de obra a ser utilizada ser\u00e1 dos reeducandos recolhidos naquele estabelecimento prisional. No espa\u00e7o ficar\u00e3o alojados at\u00e9 64 (sessenta e quatro) pessoas, que passar\u00e3o por rigorosa an\u00e1lise da equipe de Administra\u00e7\u00e3o Prisional da Unidade, realizando avalia\u00e7\u00f5es relacionadas \u00e0 execu\u00e7\u00e3o penal, psicol\u00f3gica, m\u00e9dica, disciplinar e social, para posterior encaminhamento ao judici\u00e1rio que definir\u00e1 quanto tempo o reeducando permanecer\u00e1 internado. A previs\u00e3o de conclus\u00e3o da obra \u00e9 para o final do m\u00eas de fevereiro de 2011, e sua entrega contribuir\u00e1 significativamente no processo individualizador da pena e na recupera\u00e7\u00e3o de pessoas que cometem delitos por envolvimento com a depend\u00eancia qu\u00edmica.<\/p>","protected":false},"excerpt":{"rendered":"<p>No dia 14\/01\/2011, o Senhor Secret\u00e1rio Executivo de Justi\u00e7a e Cidadania, Cel PM Jo\u00e3o Luiz Botelho, acompanhado do Diretor do Departamento de Administra\u00e7\u00e3o Prisional &#8211; DEAP, Sr. Ad\u00e9rcio Jos\u00e9 Velter, visitou as instala\u00e7\u00f5es do Pres\u00eddio Regional de Ararangu\u00e1. Conheceu o setor de regime fechado, semiaberto, \u00e1rea de sa\u00fade e horta. Observou-se muita dedica\u00e7\u00e3o e comprometimento [&hellip;]<\/p>\n","protected":false},"author":6,"featured_media":14147,"comment_status":"open","ping_status":"open","sticky":false,"template":"","format":"standard","meta":{"_monsterinsights_skip_tracking":false,"_monsterinsights_sitenote_active":false,"_monsterinsights_sitenote_note":"","_monsterinsights_sitenote_category":0,"footnotes":"","_wp_rev_ctl_limit":""},"categories":[1296],"tags":[],"publishpress_future_action":{"enabled":false,"date":"2026-05-03 03:17:45","action":"change-status","newStatus":"draft","terms":[],"taxonomy":"category"},"publishpress_future_workflow_manual_trigger":{"enabledWorkflows":[]},"_links":{"self":[{"href":"https:\/\/sap.sc.gov.br\/en\/wp-json\/wp\/v2\/posts\/13148"}],"collection":[{"href":"https:\/\/sap.sc.gov.br\/en\/wp-json\/wp\/v2\/posts"}],"about":[{"href":"https:\/\/sap.sc.gov.br\/en\/wp-json\/wp\/v2\/types\/post"}],"author":[{"embeddable":true,"href":"https:\/\/sap.sc.gov.br\/en\/wp-json\/wp\/v2\/users\/6"}],"replies":[{"embeddable":true,"href":"https:\/\/sap.sc.gov.br\/en\/wp-json\/wp\/v2\/comments?post=13148"}],"version-history":[{"count":0,"href":"https:\/\/sap.sc.gov.br\/en\/wp-json\/wp\/v2\/posts\/13148\/revisions"}],"wp:featuredmedia":[{"embeddable":true,"href":"https:\/\/sap.sc.gov.br\/en\/wp-json\/wp\/v2\/media\/14147"}],"wp:attachment":[{"href":"https:\/\/sap.sc.gov.br\/en\/wp-json\/wp\/v2\/media?parent=13148"}],"wp:term":[{"taxonomy":"category","embeddable":true,"href":"https:\/\/sap.sc.gov.br\/en\/wp-json\/wp\/v2\/categories?post=13148"},{"taxonomy":"post_tag","embeddable":true,"href":"https:\/\/sap.sc.gov.br\/en\/wp-json\/wp\/v2\/tags?post=13148"}],"curies":[{"name":"wp","href":"https:\/\/api.w.org\/{rel}","templated":true}]}}