{"id":13166,"date":"2011-05-11T00:00:50","date_gmt":"2011-05-11T03:00:50","guid":{"rendered":"http:\/\/webdease2023.intranet.ciasc.gov.br\/2011\/05\/11\/reuniao-com-a-secretaria-ada-de-luca-para-tratar-da-dinamica-de-trabalho\/"},"modified":"2023-07-13T17:51:55","modified_gmt":"2023-07-13T20:51:55","slug":"reuniao-com-a-secretaria-ada-de-luca-para-tratar-da-dinamica-de-trabalho","status":"publish","type":"post","link":"https:\/\/sap.sc.gov.br\/en\/reuniao-com-a-secretaria-ada-de-luca-para-tratar-da-dinamica-de-trabalho\/","title":{"rendered":"Reuni\u00e3o com a Secret\u00e1ria Ada de Luca para tratar da din\u00e2mica de Trabalho"},"content":{"rendered":"<p style=\"text-align: justify;\">Na \u00faltima sexta(6), a Secret\u00e1ria da Justi\u00e7a e Cidadania, Ada Faraco De Luca e a Secret\u00e1ria Adjunta, Dra M\u00e1rcia Aguiar Arendt, realizaram reuni\u00e3o de trabalho no gabinete da titular da pasta, com o Diretor do Departamento de Administra\u00e7\u00e3o Prisional- DEAP, Ad\u00e9rcio Jos\u00e9 Velter, e os Diretores das Regionais e Penitenci\u00e1rias do Estado. A pauta da reuni\u00e3o foi para repassar aos gestores a din\u00e2mica de trabalho que ser\u00e1 implementada na Secretaria, dentro do foco Sistema humanizado, cidadania respeitada. Durante o encontro, tamb\u00e9m foi reiterado o aspecto disciplinar e exemplar dos servidores, no intuito de que as normas internas e os ditames legais sejam respeitados e cumpridos, pois desta forma os internos ser\u00e3o tratados conforme determina\u00e7\u00f5es legais, evitando transgress\u00f5es disciplinares e fortalecendo desta forma o novo lema da Secretaria. A Secret\u00e1ria Ada ao final agradeceu ao empenho dos Diretores e espera que todos se comprometam, para disseminar juntos aos demais servidores o apoio necess\u00e1rio para se conseguir fazer um excelente trabalho e disse que a porta do seu gabinete est\u00e1 aberta a todos. Ap\u00f3s a reuni\u00e3o com a Secret\u00e1ria os Diretores reuniram-se com o Diretor do DEAP, para deliberar sobre assuntos das regionais.<\/p>","protected":false},"excerpt":{"rendered":"<p>Na \u00faltima sexta(6), a Secret\u00e1ria da Justi\u00e7a e Cidadania, Ada Faraco De Luca e a Secret\u00e1ria Adjunta, Dra M\u00e1rcia Aguiar Arendt, realizaram reuni\u00e3o de trabalho no gabinete da titular da pasta, com o Diretor do Departamento de Administra\u00e7\u00e3o Prisional- DEAP, Ad\u00e9rcio Jos\u00e9 Velter, e os Diretores das Regionais e Penitenci\u00e1rias do Estado. A pauta da [&hellip;]<\/p>\n","protected":false},"author":6,"featured_media":14107,"comment_status":"open","ping_status":"open","sticky":false,"template":"","format":"standard","meta":{"_monsterinsights_skip_tracking":false,"_monsterinsights_sitenote_active":false,"_monsterinsights_sitenote_note":"","_monsterinsights_sitenote_category":0,"footnotes":"","_wp_rev_ctl_limit":""},"categories":[1296],"tags":[],"publishpress_future_action":{"enabled":false,"date":"2026-05-03 04:39:05","action":"change-status","newStatus":"draft","terms":[],"taxonomy":"category"},"publishpress_future_workflow_manual_trigger":{"enabledWorkflows":[]},"_links":{"self":[{"href":"https:\/\/sap.sc.gov.br\/en\/wp-json\/wp\/v2\/posts\/13166"}],"collection":[{"href":"https:\/\/sap.sc.gov.br\/en\/wp-json\/wp\/v2\/posts"}],"about":[{"href":"https:\/\/sap.sc.gov.br\/en\/wp-json\/wp\/v2\/types\/post"}],"author":[{"embeddable":true,"href":"https:\/\/sap.sc.gov.br\/en\/wp-json\/wp\/v2\/users\/6"}],"replies":[{"embeddable":true,"href":"https:\/\/sap.sc.gov.br\/en\/wp-json\/wp\/v2\/comments?post=13166"}],"version-history":[{"count":0,"href":"https:\/\/sap.sc.gov.br\/en\/wp-json\/wp\/v2\/posts\/13166\/revisions"}],"wp:featuredmedia":[{"embeddable":true,"href":"https:\/\/sap.sc.gov.br\/en\/wp-json\/wp\/v2\/media\/14107"}],"wp:attachment":[{"href":"https:\/\/sap.sc.gov.br\/en\/wp-json\/wp\/v2\/media?parent=13166"}],"wp:term":[{"taxonomy":"category","embeddable":true,"href":"https:\/\/sap.sc.gov.br\/en\/wp-json\/wp\/v2\/categories?post=13166"},{"taxonomy":"post_tag","embeddable":true,"href":"https:\/\/sap.sc.gov.br\/en\/wp-json\/wp\/v2\/tags?post=13166"}],"curies":[{"name":"wp","href":"https:\/\/api.w.org\/{rel}","templated":true}]}}