{"id":13168,"date":"2011-04-19T00:00:50","date_gmt":"2011-04-19T03:00:50","guid":{"rendered":"http:\/\/webdease2023.intranet.ciasc.gov.br\/2011\/04\/19\/diretor-do-deap-participa-da-cerimonia-de-instauracao-do-conselho-da-comunidade-da-comarca-de-campos-novos\/"},"modified":"2023-07-13T17:51:55","modified_gmt":"2023-07-13T20:51:55","slug":"diretor-do-deap-participa-da-cerimonia-de-instauracao-do-conselho-da-comunidade-da-comarca-de-campos-novos","status":"publish","type":"post","link":"https:\/\/sap.sc.gov.br\/en\/diretor-do-deap-participa-da-cerimonia-de-instauracao-do-conselho-da-comunidade-da-comarca-de-campos-novos\/","title":{"rendered":"Diretor do DEAP participa da Cerim\u00f4nia de Instaura\u00e7\u00e3o do Conselho da Comunidade da Comarca de Campos Novos"},"content":{"rendered":"<p style=\"text-align: justify;\">O Diretor do Departamento de Administra\u00e7\u00e3o Prisional (DEAP), Ad\u00e9rcio Jos\u00e9 Velter, na ter\u00e7a-feira 12\/04\/2011, participou da cerim\u00f4nia de instaura\u00e7\u00e3o do Conselho da Comunidade da Comarca de Campos Novos, juntamente com representantes do Judici\u00e1rio, Minist\u00e9rio P\u00fablico, Executivo e Legislativo local. Conforme leciona a LEI N\u00ba 7.210, DE 11 DE JULHO DE 1984 que institui a Lei de Execu\u00e7\u00e3o Penal em seu Art. 81. Incumbe ao Conselho da Comunidade: I &#8211; visitar, pelo menos mensalmente, os estabelecimentos penais existentes na Comarca; II &#8211; entrevistar presos; III &#8211; apresentar relat\u00f3rios mensais ao juiz da execu\u00e7\u00e3o e ao Conselho Penitenci\u00e1rio; IV &#8211; diligenciar a obten\u00e7\u00e3o de recursos materiais e humanos para melhor assist\u00eancia ao preso ou internado, em harmonia com a dire\u00e7\u00e3o do estabelecimento. Desse modo o Conselho da Comunidade torna-se pe\u00e7a importante no processo de assist\u00eancia ao detento, ajudando na humaniza\u00e7\u00e3o e retorno \u00e0 sociedade.<\/p>","protected":false},"excerpt":{"rendered":"<p>O Diretor do Departamento de Administra\u00e7\u00e3o Prisional (DEAP), Ad\u00e9rcio Jos\u00e9 Velter, na ter\u00e7a-feira 12\/04\/2011, participou da cerim\u00f4nia de instaura\u00e7\u00e3o do Conselho da Comunidade da Comarca de Campos Novos, juntamente com representantes do Judici\u00e1rio, Minist\u00e9rio P\u00fablico, Executivo e Legislativo local. Conforme leciona a LEI N\u00ba 7.210, DE 11 DE JULHO DE 1984 que institui a Lei [&hellip;]<\/p>\n","protected":false},"author":6,"featured_media":14110,"comment_status":"open","ping_status":"open","sticky":false,"template":"","format":"standard","meta":{"_monsterinsights_skip_tracking":false,"_monsterinsights_sitenote_active":false,"_monsterinsights_sitenote_note":"","_monsterinsights_sitenote_category":0,"footnotes":"","_wp_rev_ctl_limit":""},"categories":[1296],"tags":[],"publishpress_future_action":{"enabled":false,"date":"2026-05-03 04:36:50","action":"change-status","newStatus":"draft","terms":[],"taxonomy":"category"},"publishpress_future_workflow_manual_trigger":{"enabledWorkflows":[]},"_links":{"self":[{"href":"https:\/\/sap.sc.gov.br\/en\/wp-json\/wp\/v2\/posts\/13168"}],"collection":[{"href":"https:\/\/sap.sc.gov.br\/en\/wp-json\/wp\/v2\/posts"}],"about":[{"href":"https:\/\/sap.sc.gov.br\/en\/wp-json\/wp\/v2\/types\/post"}],"author":[{"embeddable":true,"href":"https:\/\/sap.sc.gov.br\/en\/wp-json\/wp\/v2\/users\/6"}],"replies":[{"embeddable":true,"href":"https:\/\/sap.sc.gov.br\/en\/wp-json\/wp\/v2\/comments?post=13168"}],"version-history":[{"count":0,"href":"https:\/\/sap.sc.gov.br\/en\/wp-json\/wp\/v2\/posts\/13168\/revisions"}],"wp:featuredmedia":[{"embeddable":true,"href":"https:\/\/sap.sc.gov.br\/en\/wp-json\/wp\/v2\/media\/14110"}],"wp:attachment":[{"href":"https:\/\/sap.sc.gov.br\/en\/wp-json\/wp\/v2\/media?parent=13168"}],"wp:term":[{"taxonomy":"category","embeddable":true,"href":"https:\/\/sap.sc.gov.br\/en\/wp-json\/wp\/v2\/categories?post=13168"},{"taxonomy":"post_tag","embeddable":true,"href":"https:\/\/sap.sc.gov.br\/en\/wp-json\/wp\/v2\/tags?post=13168"}],"curies":[{"name":"wp","href":"https:\/\/api.w.org\/{rel}","templated":true}]}}