{"id":13172,"date":"2011-03-30T00:00:50","date_gmt":"2011-03-30T03:00:50","guid":{"rendered":"http:\/\/webdease2023.intranet.ciasc.gov.br\/2011\/03\/30\/diretor-do-deap-em-visita-ao-presidio-de-biguacu\/"},"modified":"2023-07-13T17:51:55","modified_gmt":"2023-07-13T20:51:55","slug":"diretor-do-deap-em-visita-ao-presidio-de-biguacu","status":"publish","type":"post","link":"https:\/\/sap.sc.gov.br\/en\/diretor-do-deap-em-visita-ao-presidio-de-biguacu\/","title":{"rendered":"Diretor do DEAP em visita ao Pres\u00eddio de Bigua\u00e7u"},"content":{"rendered":"<p>Na ter\u00e7a-feira (08\/03), o Diretor do Departamento de Administra\u00e7\u00e3o Prisional, Sr. Ad\u00e9rcio Jos\u00e9 Velter, acompanhado do Gerente do Pres\u00eddio de Bigua\u00e7u, Sr. Vilson Astrogildo de Souza, realizou uma visita de rotina na Unidade Prisional. No fim da visita o Diretor do DEAP parabenizou o Gerente, Agentes Penitenci\u00e1rios e demais Servidores do Pres\u00eddio pelo bom trabalho que est\u00e3o realizando.<\/p>","protected":false},"excerpt":{"rendered":"<p>Na ter\u00e7a-feira (08\/03), o Diretor do Departamento de Administra\u00e7\u00e3o Prisional, Sr. Ad\u00e9rcio Jos\u00e9 Velter, acompanhado do Gerente do Pres\u00eddio de Bigua\u00e7u, Sr. Vilson Astrogildo de Souza, realizou uma visita de rotina na Unidade Prisional. No fim da visita o Diretor do DEAP parabenizou o Gerente, Agentes Penitenci\u00e1rios e demais Servidores do Pres\u00eddio pelo bom trabalho [&hellip;]<\/p>\n","protected":false},"author":6,"featured_media":14117,"comment_status":"open","ping_status":"open","sticky":false,"template":"","format":"standard","meta":{"_monsterinsights_skip_tracking":false,"_monsterinsights_sitenote_active":false,"_monsterinsights_sitenote_note":"","_monsterinsights_sitenote_category":0,"footnotes":"","_wp_rev_ctl_limit":""},"categories":[1296],"tags":[],"publishpress_future_action":{"enabled":false,"date":"2026-05-03 04:19:09","action":"change-status","newStatus":"draft","terms":[],"taxonomy":"category"},"publishpress_future_workflow_manual_trigger":{"enabledWorkflows":[]},"_links":{"self":[{"href":"https:\/\/sap.sc.gov.br\/en\/wp-json\/wp\/v2\/posts\/13172"}],"collection":[{"href":"https:\/\/sap.sc.gov.br\/en\/wp-json\/wp\/v2\/posts"}],"about":[{"href":"https:\/\/sap.sc.gov.br\/en\/wp-json\/wp\/v2\/types\/post"}],"author":[{"embeddable":true,"href":"https:\/\/sap.sc.gov.br\/en\/wp-json\/wp\/v2\/users\/6"}],"replies":[{"embeddable":true,"href":"https:\/\/sap.sc.gov.br\/en\/wp-json\/wp\/v2\/comments?post=13172"}],"version-history":[{"count":0,"href":"https:\/\/sap.sc.gov.br\/en\/wp-json\/wp\/v2\/posts\/13172\/revisions"}],"wp:featuredmedia":[{"embeddable":true,"href":"https:\/\/sap.sc.gov.br\/en\/wp-json\/wp\/v2\/media\/14117"}],"wp:attachment":[{"href":"https:\/\/sap.sc.gov.br\/en\/wp-json\/wp\/v2\/media?parent=13172"}],"wp:term":[{"taxonomy":"category","embeddable":true,"href":"https:\/\/sap.sc.gov.br\/en\/wp-json\/wp\/v2\/categories?post=13172"},{"taxonomy":"post_tag","embeddable":true,"href":"https:\/\/sap.sc.gov.br\/en\/wp-json\/wp\/v2\/tags?post=13172"}],"curies":[{"name":"wp","href":"https:\/\/api.w.org\/{rel}","templated":true}]}}