{"id":13173,"date":"2011-03-30T00:00:40","date_gmt":"2011-03-30T03:00:40","guid":{"rendered":"http:\/\/webdease2023.intranet.ciasc.gov.br\/2011\/03\/30\/visita-as-obras-do-novo-presidio-regional-de-lages\/"},"modified":"2023-07-13T17:51:56","modified_gmt":"2023-07-13T20:51:56","slug":"visita-as-obras-do-novo-presidio-regional-de-lages","status":"publish","type":"post","link":"https:\/\/sap.sc.gov.br\/en\/visita-as-obras-do-novo-presidio-regional-de-lages\/","title":{"rendered":"Visita as obras do novo Pres\u00eddio Regional de Lages"},"content":{"rendered":"<p style=\"text-align: justify;\">Na quinta-feira (03\/03), o Secret\u00e1rio Executivo da Justi\u00e7a e Cidadania, Cel PM Jo\u00e3o Luiz Botelho, acompanhado do Diretor do Departamento de Administra\u00e7\u00e3o Prisional, Sr. Ad\u00e9rcio Jos\u00e9 Velter, da Gerente de Execu\u00e7\u00f5es Penais do DEAP, Sr\u00aa Juliana Borges de Medeiros, do Gerente do Pres\u00eddio Regional de Lages, Sr. Edson Alves Pereira e de representantes do Poder Judici\u00e1rio da Comarca de Lages, vistoriou as obras do Novo Pres\u00eddio Regional de Lages. A nova Unidade Prisional ter\u00e1 capacidade para abrigar 352 detentos e sua inaugura\u00e7\u00e3o est\u00e1 prevista para ocorrer ainda no primeiro semestre deste ano.<\/p>","protected":false},"excerpt":{"rendered":"<p>Na quinta-feira (03\/03), o Secret\u00e1rio Executivo da Justi\u00e7a e Cidadania, Cel PM Jo\u00e3o Luiz Botelho, acompanhado do Diretor do Departamento de Administra\u00e7\u00e3o Prisional, Sr. Ad\u00e9rcio Jos\u00e9 Velter, da Gerente de Execu\u00e7\u00f5es Penais do DEAP, Sr\u00aa Juliana Borges de Medeiros, do Gerente do Pres\u00eddio Regional de Lages, Sr. Edson Alves Pereira e de representantes do Poder [&hellip;]<\/p>\n","protected":false},"author":6,"featured_media":14119,"comment_status":"open","ping_status":"open","sticky":false,"template":"","format":"standard","meta":{"_monsterinsights_skip_tracking":false,"_monsterinsights_sitenote_active":false,"_monsterinsights_sitenote_note":"","_monsterinsights_sitenote_category":0,"footnotes":"","_wp_rev_ctl_limit":""},"categories":[1296],"tags":[],"publishpress_future_action":{"enabled":false,"date":"2026-05-03 04:26:58","action":"change-status","newStatus":"draft","terms":[],"taxonomy":"category"},"publishpress_future_workflow_manual_trigger":{"enabledWorkflows":[]},"_links":{"self":[{"href":"https:\/\/sap.sc.gov.br\/en\/wp-json\/wp\/v2\/posts\/13173"}],"collection":[{"href":"https:\/\/sap.sc.gov.br\/en\/wp-json\/wp\/v2\/posts"}],"about":[{"href":"https:\/\/sap.sc.gov.br\/en\/wp-json\/wp\/v2\/types\/post"}],"author":[{"embeddable":true,"href":"https:\/\/sap.sc.gov.br\/en\/wp-json\/wp\/v2\/users\/6"}],"replies":[{"embeddable":true,"href":"https:\/\/sap.sc.gov.br\/en\/wp-json\/wp\/v2\/comments?post=13173"}],"version-history":[{"count":0,"href":"https:\/\/sap.sc.gov.br\/en\/wp-json\/wp\/v2\/posts\/13173\/revisions"}],"wp:featuredmedia":[{"embeddable":true,"href":"https:\/\/sap.sc.gov.br\/en\/wp-json\/wp\/v2\/media\/14119"}],"wp:attachment":[{"href":"https:\/\/sap.sc.gov.br\/en\/wp-json\/wp\/v2\/media?parent=13173"}],"wp:term":[{"taxonomy":"category","embeddable":true,"href":"https:\/\/sap.sc.gov.br\/en\/wp-json\/wp\/v2\/categories?post=13173"},{"taxonomy":"post_tag","embeddable":true,"href":"https:\/\/sap.sc.gov.br\/en\/wp-json\/wp\/v2\/tags?post=13173"}],"curies":[{"name":"wp","href":"https:\/\/api.w.org\/{rel}","templated":true}]}}