{"id":13192,"date":"2011-06-21T09:44:18","date_gmt":"2011-06-21T12:44:18","guid":{"rendered":"http:\/\/webdease2023.intranet.ciasc.gov.br\/2011\/06\/21\/visita-de-inspecao-na-unidade-prisional-avancada-de-sao-francisco-do-sul\/"},"modified":"2023-07-13T17:51:51","modified_gmt":"2023-07-13T20:51:51","slug":"visita-de-inspecao-na-unidade-prisional-avancada-de-sao-francisco-do-sul","status":"publish","type":"post","link":"https:\/\/sap.sc.gov.br\/en\/visita-de-inspecao-na-unidade-prisional-avancada-de-sao-francisco-do-sul\/","title":{"rendered":"Visita de inspe\u00e7\u00e3o na Unidade Prisional Avan\u00e7ada de S\u00e3o Francisco do Sul"},"content":{"rendered":"<p style=\"text-align: justify;\">Na ter\u00e7a-feira (14\/03), o Diretor do Departamento de Administra\u00e7\u00e3o Prisional, Sr. Ad\u00e9rcio Jos\u00e9 Velter, acompanhado do Coordenador do i-PEN, Sandro Daniel Adriano, realizou uma visita de inspe\u00e7\u00e3o na Unidade Prisional Avan\u00e7ada de S\u00e3o Francisco do Sul.<\/p>","protected":false},"excerpt":{"rendered":"<p>Na ter\u00e7a-feira (14\/03), o Diretor do Departamento de Administra\u00e7\u00e3o Prisional, Sr. Ad\u00e9rcio Jos\u00e9 Velter, acompanhado do Coordenador do i-PEN, Sandro Daniel Adriano, realizou uma visita de inspe\u00e7\u00e3o na Unidade Prisional Avan\u00e7ada de S\u00e3o Francisco do Sul.<\/p>","protected":false},"author":6,"featured_media":14085,"comment_status":"open","ping_status":"open","sticky":false,"template":"","format":"standard","meta":{"_monsterinsights_skip_tracking":false,"_monsterinsights_sitenote_active":false,"_monsterinsights_sitenote_note":"","_monsterinsights_sitenote_category":0,"footnotes":"","_wp_rev_ctl_limit":""},"categories":[1296],"tags":[],"publishpress_future_action":{"enabled":false,"date":"2026-05-03 04:26:36","action":"change-status","newStatus":"draft","terms":[],"taxonomy":"category"},"publishpress_future_workflow_manual_trigger":{"enabledWorkflows":[]},"_links":{"self":[{"href":"https:\/\/sap.sc.gov.br\/en\/wp-json\/wp\/v2\/posts\/13192"}],"collection":[{"href":"https:\/\/sap.sc.gov.br\/en\/wp-json\/wp\/v2\/posts"}],"about":[{"href":"https:\/\/sap.sc.gov.br\/en\/wp-json\/wp\/v2\/types\/post"}],"author":[{"embeddable":true,"href":"https:\/\/sap.sc.gov.br\/en\/wp-json\/wp\/v2\/users\/6"}],"replies":[{"embeddable":true,"href":"https:\/\/sap.sc.gov.br\/en\/wp-json\/wp\/v2\/comments?post=13192"}],"version-history":[{"count":0,"href":"https:\/\/sap.sc.gov.br\/en\/wp-json\/wp\/v2\/posts\/13192\/revisions"}],"wp:featuredmedia":[{"embeddable":true,"href":"https:\/\/sap.sc.gov.br\/en\/wp-json\/wp\/v2\/media\/14085"}],"wp:attachment":[{"href":"https:\/\/sap.sc.gov.br\/en\/wp-json\/wp\/v2\/media?parent=13192"}],"wp:term":[{"taxonomy":"category","embeddable":true,"href":"https:\/\/sap.sc.gov.br\/en\/wp-json\/wp\/v2\/categories?post=13192"},{"taxonomy":"post_tag","embeddable":true,"href":"https:\/\/sap.sc.gov.br\/en\/wp-json\/wp\/v2\/tags?post=13192"}],"curies":[{"name":"wp","href":"https:\/\/api.w.org\/{rel}","templated":true}]}}