{"id":13200,"date":"2011-08-17T15:29:25","date_gmt":"2011-08-17T18:29:25","guid":{"rendered":"http:\/\/webdease2023.intranet.ciasc.gov.br\/2011\/08\/17\/falecimento-luiz-henrique-bunn\/"},"modified":"2023-07-13T17:51:39","modified_gmt":"2023-07-13T20:51:39","slug":"falecimento-luiz-henrique-bunn","status":"publish","type":"post","link":"https:\/\/sap.sc.gov.br\/en\/falecimento-luiz-henrique-bunn\/","title":{"rendered":"Falecimento Luiz Henrique Bunn"},"content":{"rendered":"<p style=\"text-align: justify;\">Com imenso pesar o DEAP noticia o falecimento do Agente Penitenci\u00e1rio Luiz Henrique Bunn, aos 28 anos, ocorrido em 11\/08\/2011. Belo, como amigos o chamavam, exercia suas atividades na Penitenci\u00e1ria de S\u00e3o Pedro de Alc\u00e2ntara, desde 2006. A Missa de S\u00e9timo Dia em sua inten\u00e7\u00e3o ser\u00e1 celebrada dia 17 de agosto (quarta-feira), \u00e0s 19:30, no Sal\u00e3o Paroquial da Igreja de S\u00e3o Jos\u00e9 &#8211; Centro Hist\u00f3rico. HOMENAGEM P\u00d3STUMA DO DEPARTAMENTO DE ADMINISTRA\u00c7\u00c3O PRISIONAL E COLEGAS DE TRABALHO. SAUDADES&#8230; 17\/08\/2011.<\/p>","protected":false},"excerpt":{"rendered":"<p>Com imenso pesar o DEAP noticia o falecimento do Agente Penitenci\u00e1rio Luiz Henrique Bunn, aos 28 anos, ocorrido em 11\/08\/2011. Belo, como amigos o chamavam, exercia suas atividades na Penitenci\u00e1ria de S\u00e3o Pedro de Alc\u00e2ntara, desde 2006. A Missa de S\u00e9timo Dia em sua inten\u00e7\u00e3o ser\u00e1 celebrada dia 17 de agosto (quarta-feira), \u00e0s 19:30, no [&hellip;]<\/p>\n","protected":false},"author":6,"featured_media":0,"comment_status":"open","ping_status":"open","sticky":false,"template":"","format":"standard","meta":{"_monsterinsights_skip_tracking":false,"_monsterinsights_sitenote_active":false,"_monsterinsights_sitenote_note":"","_monsterinsights_sitenote_category":0,"footnotes":"","_wp_rev_ctl_limit":""},"categories":[1296],"tags":[],"publishpress_future_action":{"enabled":false,"date":"2026-05-03 05:31:55","action":"change-status","newStatus":"draft","terms":[],"taxonomy":"category"},"publishpress_future_workflow_manual_trigger":{"enabledWorkflows":[]},"_links":{"self":[{"href":"https:\/\/sap.sc.gov.br\/en\/wp-json\/wp\/v2\/posts\/13200"}],"collection":[{"href":"https:\/\/sap.sc.gov.br\/en\/wp-json\/wp\/v2\/posts"}],"about":[{"href":"https:\/\/sap.sc.gov.br\/en\/wp-json\/wp\/v2\/types\/post"}],"author":[{"embeddable":true,"href":"https:\/\/sap.sc.gov.br\/en\/wp-json\/wp\/v2\/users\/6"}],"replies":[{"embeddable":true,"href":"https:\/\/sap.sc.gov.br\/en\/wp-json\/wp\/v2\/comments?post=13200"}],"version-history":[{"count":0,"href":"https:\/\/sap.sc.gov.br\/en\/wp-json\/wp\/v2\/posts\/13200\/revisions"}],"wp:attachment":[{"href":"https:\/\/sap.sc.gov.br\/en\/wp-json\/wp\/v2\/media?parent=13200"}],"wp:term":[{"taxonomy":"category","embeddable":true,"href":"https:\/\/sap.sc.gov.br\/en\/wp-json\/wp\/v2\/categories?post=13200"},{"taxonomy":"post_tag","embeddable":true,"href":"https:\/\/sap.sc.gov.br\/en\/wp-json\/wp\/v2\/tags?post=13200"}],"curies":[{"name":"wp","href":"https:\/\/api.w.org\/{rel}","templated":true}]}}