{"id":13201,"date":"2011-08-17T15:33:58","date_gmt":"2011-08-17T18:33:58","guid":{"rendered":"http:\/\/webdease2023.intranet.ciasc.gov.br\/2011\/08\/17\/penitenciaria-da-regiao-de-curitibanos-realizou-o-2-campeonato-de-futebol-society-interno\/"},"modified":"2023-07-13T17:51:39","modified_gmt":"2023-07-13T20:51:39","slug":"penitenciaria-da-regiao-de-curitibanos-realizou-o-2-campeonato-de-futebol-society-interno","status":"publish","type":"post","link":"https:\/\/sap.sc.gov.br\/en\/penitenciaria-da-regiao-de-curitibanos-realizou-o-2-campeonato-de-futebol-society-interno\/","title":{"rendered":"Penitenci\u00e1ria da Regi\u00e3o de Curitibanos realizou o 2\u00ba Campeonato de futebol society interno"},"content":{"rendered":"<p style=\"text-align: justify;\">A Penitenci\u00e1ria da Regi\u00e3o de Curitibanos realizou o 2\u00ba Campeonato de futebol Society Interno com participa\u00e7\u00e3o de 90 % dos funcion\u00e1rios. Este ano a equipe campe\u00e3 foi a turma do Adilson \u2013 Equipe TURG\u00c3O. As competi\u00e7\u00f5es do pr\u00f3ximo ano j\u00e1 est\u00e3o sendo organizadas e pretendem inserir modalidades onde haver\u00e1 participa\u00e7\u00e3o feminina. O diretor Anderson explica que a\u00e7\u00f5es como estas unem cada vez mais os funcion\u00e1rios e isso traz benef\u00edcios \u00e0 unidade, promovendo melhor ambiente de trabalho para todos. O Departamento de Administra\u00e7\u00e3o Prisional parabeniza todos os servidores, em especial a dire\u00e7\u00e3o da Penitenci\u00e1ria pela iniciativa e a equipe campe\u00e3 pela conquista, lembrando que todos s\u00e3o vencedores, mais apenas um pode levar o trof\u00e9u. Que os demais estabelecimentos prisionais do Estado adotem a iniciativa, promovendo a uni\u00e3o de todos e integra\u00e7\u00e3o do Sistema Prisional Catarinense.<\/p>","protected":false},"excerpt":{"rendered":"<p>A Penitenci\u00e1ria da Regi\u00e3o de Curitibanos realizou o 2\u00ba Campeonato de futebol Society Interno com participa\u00e7\u00e3o de 90 % dos funcion\u00e1rios. Este ano a equipe campe\u00e3 foi a turma do Adilson \u2013 Equipe TURG\u00c3O. As competi\u00e7\u00f5es do pr\u00f3ximo ano j\u00e1 est\u00e3o sendo organizadas e pretendem inserir modalidades onde haver\u00e1 participa\u00e7\u00e3o feminina. O diretor Anderson explica [&hellip;]<\/p>\n","protected":false},"author":6,"featured_media":13984,"comment_status":"open","ping_status":"open","sticky":false,"template":"","format":"standard","meta":{"_monsterinsights_skip_tracking":false,"_monsterinsights_sitenote_active":false,"_monsterinsights_sitenote_note":"","_monsterinsights_sitenote_category":0,"footnotes":"","_wp_rev_ctl_limit":""},"categories":[1296],"tags":[],"publishpress_future_action":{"enabled":false,"date":"2026-05-03 05:55:14","action":"change-status","newStatus":"draft","terms":[],"taxonomy":"category"},"publishpress_future_workflow_manual_trigger":{"enabledWorkflows":[]},"_links":{"self":[{"href":"https:\/\/sap.sc.gov.br\/en\/wp-json\/wp\/v2\/posts\/13201"}],"collection":[{"href":"https:\/\/sap.sc.gov.br\/en\/wp-json\/wp\/v2\/posts"}],"about":[{"href":"https:\/\/sap.sc.gov.br\/en\/wp-json\/wp\/v2\/types\/post"}],"author":[{"embeddable":true,"href":"https:\/\/sap.sc.gov.br\/en\/wp-json\/wp\/v2\/users\/6"}],"replies":[{"embeddable":true,"href":"https:\/\/sap.sc.gov.br\/en\/wp-json\/wp\/v2\/comments?post=13201"}],"version-history":[{"count":0,"href":"https:\/\/sap.sc.gov.br\/en\/wp-json\/wp\/v2\/posts\/13201\/revisions"}],"wp:featuredmedia":[{"embeddable":true,"href":"https:\/\/sap.sc.gov.br\/en\/wp-json\/wp\/v2\/media\/13984"}],"wp:attachment":[{"href":"https:\/\/sap.sc.gov.br\/en\/wp-json\/wp\/v2\/media?parent=13201"}],"wp:term":[{"taxonomy":"category","embeddable":true,"href":"https:\/\/sap.sc.gov.br\/en\/wp-json\/wp\/v2\/categories?post=13201"},{"taxonomy":"post_tag","embeddable":true,"href":"https:\/\/sap.sc.gov.br\/en\/wp-json\/wp\/v2\/tags?post=13201"}],"curies":[{"name":"wp","href":"https:\/\/api.w.org\/{rel}","templated":true}]}}