{"id":13206,"date":"2011-07-27T15:50:00","date_gmt":"2011-07-27T18:50:00","guid":{"rendered":"http:\/\/webdease2023.intranet.ciasc.gov.br\/2011\/07\/27\/ii-seminario-estadual-de-gestao-prisional\/"},"modified":"2023-07-13T17:51:42","modified_gmt":"2023-07-13T20:51:42","slug":"ii-seminario-estadual-de-gestao-prisional","status":"publish","type":"post","link":"https:\/\/sap.sc.gov.br\/en\/ii-seminario-estadual-de-gestao-prisional\/","title":{"rendered":"II Semin\u00e1rio Estadual de Gest\u00e3o Prisional"},"content":{"rendered":"<p style=\"text-align: justify;\">Ontem, 26\/07\/2011, na cidade de S\u00e3o Jos\u00e9, ocorreu o II Semin\u00e1rio Estadual de Gest\u00e3o Prisional. A abertura do evento aconteceu \u00e0s 9h e o encerramento \u00e0s 16h30min. A organiza\u00e7\u00e3o ficou sob incumb\u00eancia da Regional 1, sediada na Penitenci\u00e1ria de Florian\u00f3polis, sendo coordenado pelo Diretor do Departamento de Administra\u00e7\u00e3o Prisional de Santa Catarina, Sr. Ad\u00e9rcio Jos\u00e9 Velter. Na oportunidade, a Ger\u00eancia de Patrim\u00f4nio da SJC, as Ger\u00eancias do DEAP, Diretores, Gerentes e Chefes de Seguran\u00e7a das 50 Unidades Prisionais que comp\u00f5e o Sistema Prisional Catarinense, debateram temas como: medidas que amenizem as dificuldades geradas pela superlota\u00e7\u00e3o prisional das unidades; ado\u00e7\u00e3o de a\u00e7\u00f5es integradas que possibilitem minimizar as peculiaridades administrativas e operacionais existentes nas regionais; propostas de a\u00e7\u00f5es conjuntas para efetivo combate das atua\u00e7\u00f5es criminosas que acontecem no cotidiano dos estabelecimentos prisionais do Estado; implementa\u00e7\u00e3o de padr\u00e3o organizacional de trabalho, que proporcione aos apenados tratamento mais humanizado, digno e igualit\u00e1rio; a busca de melhores condi\u00e7\u00f5es de trabalho aos servidores, bem como a devida cobran\u00e7a para aqueles que n\u00e3o demonstram compromisso e comprometimento para com o Sistema e demais colegas de trabalho. O objetivo principal do Semin\u00e1rio foi dirimir d\u00favidas, equacionar problemas, adequar, supervisionar, controlar e fiscalizar as a\u00e7\u00f5es desenvolvidas no \u00e2mbito prisional. Tamb\u00e9m se buscou aperfei\u00e7oar ainda mais o entrosamento existente entre o Departamento e gestores do Sistema, elaborando plano de trabalho \u00fanico e eficiente, onde todos os estabelecimentos executem a mesma metodologia, adotando din\u00e2micas coletivas, sem abrir m\u00e3o de valores individuais e do respeito \u00e0s pessoas em todas as situa\u00e7\u00f5es di\u00e1rias, para o efetivo cumprimento da legisla\u00e7\u00e3o vigente. O evento contou ainda com a ilustre presen\u00e7a da Excelent\u00edssima Secret\u00e1ria de Estado da Justi\u00e7a e Cidadania, Senhora Ada Lili Faraco de Luca, que na oportunidade proferiu palestra intitulada: Sistema Humanizado, Cidadania Respeitada. Explanou tamb\u00e9m sobre as a\u00e7\u00f5es que est\u00e3o sendo desenvolvidas no Sistema Prisional Catarinense e sua contagiante energia positiva contaminou a todos os presentes, que se sentiram ainda mais encorajados a n\u00e3o esmorecerem diante das dificuldades e percal\u00e7os do cotidiano Prisional. Tamb\u00e9m realizou a entrega de 3 Viaturas da marca FIAT, modelo furg\u00e3o DUCATO com cela, nas seguintes especifica\u00e7\u00f5es: ar condicionado na parte dianteira, sistema de freio a disco nas rodas dianteiras e a tambor nas rodas traseira, dire\u00e7\u00e3o hidr\u00e1ulica, estribo sob as portas, um r\u00e1dio transceptor m\u00f3vel VHF com microfone de m\u00e3o, tecla PTT e suporte para fixa\u00e7\u00e3o, um r\u00e1dio transceptor port\u00e1til, duas lumin\u00e1rias vigias, sistema de exaust\u00e3o de ar nos compartimentos de cela, dois cadeados novos com fechamento tetra, lanternas traseiras e far\u00f3is com ilumina\u00e7\u00e3o do tipo estrobo, sirene eletr\u00f4nica e conjunto de ilumina\u00e7\u00e3o em formato de \u201cU\u201d, microfone para utiliza\u00e7\u00e3o da sirene como megafone, duas c\u00e2meras do tipo micro c\u00e2mera CCD, colorida, devidamente protegida antivandalismo e uma tela plana LCD 9\u2019\u2019, bem como a entrega de 50 armas n\u00e3o letais teyser, que ser\u00e3o usadas no controle de incidentes envolvendo os reeducandos do Sistema Prisional, com foco na manuten\u00e7\u00e3o da ordem e disciplina, sempre primando pela preserva\u00e7\u00e3o da vida.<\/p>","protected":false},"excerpt":{"rendered":"<p>Ontem, 26\/07\/2011, na cidade de S\u00e3o Jos\u00e9, ocorreu o II Semin\u00e1rio Estadual de Gest\u00e3o Prisional. A abertura do evento aconteceu \u00e0s 9h e o encerramento \u00e0s 16h30min. A organiza\u00e7\u00e3o ficou sob incumb\u00eancia da Regional 1, sediada na Penitenci\u00e1ria de Florian\u00f3polis, sendo coordenado pelo Diretor do Departamento de Administra\u00e7\u00e3o Prisional de Santa Catarina, Sr. Ad\u00e9rcio Jos\u00e9 [&hellip;]<\/p>\n","protected":false},"author":6,"featured_media":13996,"comment_status":"open","ping_status":"open","sticky":false,"template":"","format":"standard","meta":{"_monsterinsights_skip_tracking":false,"_monsterinsights_sitenote_active":false,"_monsterinsights_sitenote_note":"","_monsterinsights_sitenote_category":0,"footnotes":"","_wp_rev_ctl_limit":""},"categories":[1296],"tags":[],"publishpress_future_action":{"enabled":false,"date":"2026-05-03 05:31:53","action":"change-status","newStatus":"draft","terms":[],"taxonomy":"category"},"publishpress_future_workflow_manual_trigger":{"enabledWorkflows":[]},"_links":{"self":[{"href":"https:\/\/sap.sc.gov.br\/en\/wp-json\/wp\/v2\/posts\/13206"}],"collection":[{"href":"https:\/\/sap.sc.gov.br\/en\/wp-json\/wp\/v2\/posts"}],"about":[{"href":"https:\/\/sap.sc.gov.br\/en\/wp-json\/wp\/v2\/types\/post"}],"author":[{"embeddable":true,"href":"https:\/\/sap.sc.gov.br\/en\/wp-json\/wp\/v2\/users\/6"}],"replies":[{"embeddable":true,"href":"https:\/\/sap.sc.gov.br\/en\/wp-json\/wp\/v2\/comments?post=13206"}],"version-history":[{"count":0,"href":"https:\/\/sap.sc.gov.br\/en\/wp-json\/wp\/v2\/posts\/13206\/revisions"}],"wp:featuredmedia":[{"embeddable":true,"href":"https:\/\/sap.sc.gov.br\/en\/wp-json\/wp\/v2\/media\/13996"}],"wp:attachment":[{"href":"https:\/\/sap.sc.gov.br\/en\/wp-json\/wp\/v2\/media?parent=13206"}],"wp:term":[{"taxonomy":"category","embeddable":true,"href":"https:\/\/sap.sc.gov.br\/en\/wp-json\/wp\/v2\/categories?post=13206"},{"taxonomy":"post_tag","embeddable":true,"href":"https:\/\/sap.sc.gov.br\/en\/wp-json\/wp\/v2\/tags?post=13206"}],"curies":[{"name":"wp","href":"https:\/\/api.w.org\/{rel}","templated":true}]}}