{"id":13213,"date":"2012-05-02T18:41:58","date_gmt":"2012-05-02T21:41:58","guid":{"rendered":"http:\/\/webdease2023.intranet.ciasc.gov.br\/2012\/05\/02\/penitenciaria-de-florianopolis-tem-novo-diretor\/"},"modified":"2023-07-13T17:51:31","modified_gmt":"2023-07-13T20:51:31","slug":"penitenciaria-de-florianopolis-tem-novo-diretor","status":"publish","type":"post","link":"https:\/\/sap.sc.gov.br\/en\/penitenciaria-de-florianopolis-tem-novo-diretor\/","title":{"rendered":"Penitenci\u00e1ria de Florian\u00f3polis tem novo Diretor"},"content":{"rendered":"<p style=\"text-align: justify;\">A Penitenci\u00e1ria de Florian\u00f3polis est\u00e1 sob nova dire\u00e7\u00e3o. Gabriel Airton da Silveira assumiu o cargo de Diretor em solenidade realizada nesta quarta-feira, 02 de maio. Com a anu\u00eancia da Secret\u00e1ria de Estado da Justi\u00e7a e Cidadania, Exma. Sra. Ada Lili Faraco de Luca, o novo administrador foi empossado na presen\u00e7a dos gerentes e do Diretor do DEAP, Leandro Ant\u00f4nio Soares Lima, gestores de algumas unidades prisionais do Estado e outras autoridades. O novo diretor assume o cargo no lugar de D\u00e9lio Jos\u00e9 Guerra, que ocupava o cargo desde setembro do ano passado. Gabriel \u00e9 bacharel em Direito e nos \u00faltimos nove meses administrava o Pres\u00eddio Regional de Blumenau. Leandro Lima lembrou da compet\u00eancia de Gabriel \u00e0 frente daquele estabelecimento, que enfrentou uma rebeli\u00e3o no ano passado, sendo uma das unidades mais dif\u00edceis de administrar. \u201cN\u00e3o podemos esquecer ainda que, com todas as adversidades, o Gabriel transformou o Pres\u00eddio de Blumenau na unidade onde h\u00e1 a maior porcentagem de reeducandos trabalhando\u201d, lembrou Leandro. Na solenidade, Gabriel fez um breve discurso dizendo que pretende realizar na Penitenci\u00e1ria da Capital o mesmo trabalho que realizou em Blumenau, oferecendo oportunidades de trabalho e educa\u00e7\u00e3o a todos os reeducandos do Complexo. A cerim\u00f4nia de posse ocorreu no espa\u00e7o \u201cMem\u00f3rias da Penitenci\u00e1ria\u201d, onde est\u00e3o expostos objetos e imagens da institui\u00e7\u00e3o, fundada em 1932. Mais fotos da solenidade est\u00e3o na \u201cGaleria de Fotos\u201d deste site.<\/p>","protected":false},"excerpt":{"rendered":"<p>A Penitenci\u00e1ria de Florian\u00f3polis est\u00e1 sob nova dire\u00e7\u00e3o. Gabriel Airton da Silveira assumiu o cargo de Diretor em solenidade realizada nesta quarta-feira, 02 de maio. Com a anu\u00eancia da Secret\u00e1ria de Estado da Justi\u00e7a e Cidadania, Exma. Sra. Ada Lili Faraco de Luca, o novo administrador foi empossado na presen\u00e7a dos gerentes e do Diretor [&hellip;]<\/p>\n","protected":false},"author":6,"featured_media":13926,"comment_status":"open","ping_status":"open","sticky":false,"template":"","format":"standard","meta":{"_monsterinsights_skip_tracking":false,"_monsterinsights_sitenote_active":false,"_monsterinsights_sitenote_note":"","_monsterinsights_sitenote_category":0,"footnotes":"","_wp_rev_ctl_limit":""},"categories":[1296],"tags":[],"publishpress_future_action":{"enabled":false,"date":"2026-05-03 05:42:59","action":"change-status","newStatus":"draft","terms":[],"taxonomy":"category"},"publishpress_future_workflow_manual_trigger":{"enabledWorkflows":[]},"_links":{"self":[{"href":"https:\/\/sap.sc.gov.br\/en\/wp-json\/wp\/v2\/posts\/13213"}],"collection":[{"href":"https:\/\/sap.sc.gov.br\/en\/wp-json\/wp\/v2\/posts"}],"about":[{"href":"https:\/\/sap.sc.gov.br\/en\/wp-json\/wp\/v2\/types\/post"}],"author":[{"embeddable":true,"href":"https:\/\/sap.sc.gov.br\/en\/wp-json\/wp\/v2\/users\/6"}],"replies":[{"embeddable":true,"href":"https:\/\/sap.sc.gov.br\/en\/wp-json\/wp\/v2\/comments?post=13213"}],"version-history":[{"count":0,"href":"https:\/\/sap.sc.gov.br\/en\/wp-json\/wp\/v2\/posts\/13213\/revisions"}],"wp:featuredmedia":[{"embeddable":true,"href":"https:\/\/sap.sc.gov.br\/en\/wp-json\/wp\/v2\/media\/13926"}],"wp:attachment":[{"href":"https:\/\/sap.sc.gov.br\/en\/wp-json\/wp\/v2\/media?parent=13213"}],"wp:term":[{"taxonomy":"category","embeddable":true,"href":"https:\/\/sap.sc.gov.br\/en\/wp-json\/wp\/v2\/categories?post=13213"},{"taxonomy":"post_tag","embeddable":true,"href":"https:\/\/sap.sc.gov.br\/en\/wp-json\/wp\/v2\/tags?post=13213"}],"curies":[{"name":"wp","href":"https:\/\/api.w.org\/{rel}","templated":true}]}}