{"id":13215,"date":"2012-04-20T18:43:52","date_gmt":"2012-04-20T21:43:52","guid":{"rendered":"http:\/\/webdease2023.intranet.ciasc.gov.br\/2012\/04\/20\/visita-ao-presidio-de-cacador\/"},"modified":"2023-07-13T17:51:33","modified_gmt":"2023-07-13T20:51:33","slug":"visita-ao-presidio-de-cacador","status":"publish","type":"post","link":"https:\/\/sap.sc.gov.br\/en\/visita-ao-presidio-de-cacador\/","title":{"rendered":"Visita ao Pres\u00eddio de Ca\u00e7ador"},"content":{"rendered":"<p style=\"text-align: justify;\">Os promotores de Justi\u00e7a do Estado do Espirito Santo, Dra. Paula Pazolini, Dra. Luciana Gomes Ferreira de Andrade e o Dr. Cezar Santos, integrantes do GETEP &#8211; Grupo Especial de Trabalho em Execu\u00e7\u00e3o Penal, em busca de uma solu\u00e7\u00e3o para impedir o contato dos reeducandos do Estado do Espirito Santo com o mundo externo, visitaram as unidades prisionais de Ca\u00e7ador e Videira, a fim de conhecer os sistemas de bloqueadores de celular daquelas unidades. Tamb\u00e9m estava presente, o Juiz Corregedor da Comarca de Ca\u00e7ador, Dr. Gustavo Marcos de Farias, que vem mostrando um excelente trabalho junto ao Pres\u00eddio Regional de Ca\u00e7ador. Na foto, da esquerda para direita, agente Juliano do Pres\u00eddio Masculino de Florian\u00f3polis, Promotor de Justi\u00e7a Dr. Cezar Santos, Diretor interino do DEAP Euclides da Silva, Assessora do Diretor Juzele Silveira, Dra. Paula Pazolini, Dra. Luciana Gomes, Dr. Gustavo Farias, Gerente do Pres\u00eddio de Ca\u00e7acor Jair Boaventura e Chefe de Seguran\u00e7a Mauro.<\/p>","protected":false},"excerpt":{"rendered":"<p>Os promotores de Justi\u00e7a do Estado do Espirito Santo, Dra. Paula Pazolini, Dra. Luciana Gomes Ferreira de Andrade e o Dr. Cezar Santos, integrantes do GETEP &#8211; Grupo Especial de Trabalho em Execu\u00e7\u00e3o Penal, em busca de uma solu\u00e7\u00e3o para impedir o contato dos reeducandos do Estado do Espirito Santo com o mundo externo, visitaram [&hellip;]<\/p>\n","protected":false},"author":6,"featured_media":13930,"comment_status":"open","ping_status":"open","sticky":false,"template":"","format":"standard","meta":{"_monsterinsights_skip_tracking":false,"_monsterinsights_sitenote_active":false,"_monsterinsights_sitenote_note":"","_monsterinsights_sitenote_category":0,"footnotes":"","_wp_rev_ctl_limit":""},"categories":[1296],"tags":[],"publishpress_future_action":{"enabled":false,"date":"2026-05-03 05:43:56","action":"change-status","newStatus":"draft","terms":[],"taxonomy":"category"},"publishpress_future_workflow_manual_trigger":{"enabledWorkflows":[]},"_links":{"self":[{"href":"https:\/\/sap.sc.gov.br\/en\/wp-json\/wp\/v2\/posts\/13215"}],"collection":[{"href":"https:\/\/sap.sc.gov.br\/en\/wp-json\/wp\/v2\/posts"}],"about":[{"href":"https:\/\/sap.sc.gov.br\/en\/wp-json\/wp\/v2\/types\/post"}],"author":[{"embeddable":true,"href":"https:\/\/sap.sc.gov.br\/en\/wp-json\/wp\/v2\/users\/6"}],"replies":[{"embeddable":true,"href":"https:\/\/sap.sc.gov.br\/en\/wp-json\/wp\/v2\/comments?post=13215"}],"version-history":[{"count":0,"href":"https:\/\/sap.sc.gov.br\/en\/wp-json\/wp\/v2\/posts\/13215\/revisions"}],"wp:featuredmedia":[{"embeddable":true,"href":"https:\/\/sap.sc.gov.br\/en\/wp-json\/wp\/v2\/media\/13930"}],"wp:attachment":[{"href":"https:\/\/sap.sc.gov.br\/en\/wp-json\/wp\/v2\/media?parent=13215"}],"wp:term":[{"taxonomy":"category","embeddable":true,"href":"https:\/\/sap.sc.gov.br\/en\/wp-json\/wp\/v2\/categories?post=13215"},{"taxonomy":"post_tag","embeddable":true,"href":"https:\/\/sap.sc.gov.br\/en\/wp-json\/wp\/v2\/tags?post=13215"}],"curies":[{"name":"wp","href":"https:\/\/api.w.org\/{rel}","templated":true}]}}