{"id":13217,"date":"2012-04-17T18:45:11","date_gmt":"2012-04-17T21:45:11","guid":{"rendered":"http:\/\/webdease2023.intranet.ciasc.gov.br\/2012\/04\/17\/euclides-da-silva-assume-interinamente-o-deap\/"},"modified":"2023-07-13T17:51:34","modified_gmt":"2023-07-13T20:51:34","slug":"euclides-da-silva-assume-interinamente-o-deap","status":"publish","type":"post","link":"https:\/\/sap.sc.gov.br\/en\/euclides-da-silva-assume-interinamente-o-deap\/","title":{"rendered":"Euclides da Silva assume interinamente o DEAP"},"content":{"rendered":"<p style=\"text-align: justify;\">O Agente Penitenci\u00e1rio Euclides da Silva, atual administrador do Pres\u00eddio Masculino de Florian\u00f3polis, assumiu nesta segunda-feira, 16, interinamente, a Dire\u00e7\u00e3o do Departamento de Administra\u00e7\u00e3o Prisional \u2013 DEAP. Euclides, que trabalha no sistema prisional h\u00e1 30 anos, administrar\u00e1 o Departamento por 30 dias, durante as f\u00e9rias do atual Diretor, Leandro Ant\u00f4nio Soares Lima. Euclides assumiu o cargo interinamente, em reuni\u00e3o solene realizada no Gabinete do DEAP, quando recebeu das m\u00e3os de Leandro a portaria da Secretaria de Estado da Justi\u00e7a e Cidadania que o nomeia para o cargo nos pr\u00f3ximos 30 dias. Ap\u00f3s as f\u00e9rias, Leandro Lima voltar\u00e1 a assumir o cargo. \u201cO Euclides foi o meu primeiro chefe. Foi com ele que eu aprendi a trabalhar durante anos na atividade fim. Certamente, o DEAP ter\u00e1 um profissional capaz e gabaritado para assumir o cargo durante esses 30 dias\u201d, disse Leandro na solenidade. Ainda segundo Leandro, o per\u00edodo de f\u00e9rias n\u00e3o servir\u00e1 apenas para descanso, mas tamb\u00e9m para reflex\u00f5es acerca de novos projetos e ideias para o sistema prisional catarinense.<\/p>","protected":false},"excerpt":{"rendered":"<p>O Agente Penitenci\u00e1rio Euclides da Silva, atual administrador do Pres\u00eddio Masculino de Florian\u00f3polis, assumiu nesta segunda-feira, 16, interinamente, a Dire\u00e7\u00e3o do Departamento de Administra\u00e7\u00e3o Prisional \u2013 DEAP. Euclides, que trabalha no sistema prisional h\u00e1 30 anos, administrar\u00e1 o Departamento por 30 dias, durante as f\u00e9rias do atual Diretor, Leandro Ant\u00f4nio Soares Lima. Euclides assumiu o [&hellip;]<\/p>\n","protected":false},"author":6,"featured_media":13934,"comment_status":"open","ping_status":"open","sticky":false,"template":"","format":"standard","meta":{"_monsterinsights_skip_tracking":false,"_monsterinsights_sitenote_active":false,"_monsterinsights_sitenote_note":"","_monsterinsights_sitenote_category":0,"footnotes":"","_wp_rev_ctl_limit":""},"categories":[1296],"tags":[],"publishpress_future_action":{"enabled":false,"date":"2026-05-03 05:42:59","action":"change-status","newStatus":"draft","terms":[],"taxonomy":"category"},"publishpress_future_workflow_manual_trigger":{"enabledWorkflows":[]},"_links":{"self":[{"href":"https:\/\/sap.sc.gov.br\/en\/wp-json\/wp\/v2\/posts\/13217"}],"collection":[{"href":"https:\/\/sap.sc.gov.br\/en\/wp-json\/wp\/v2\/posts"}],"about":[{"href":"https:\/\/sap.sc.gov.br\/en\/wp-json\/wp\/v2\/types\/post"}],"author":[{"embeddable":true,"href":"https:\/\/sap.sc.gov.br\/en\/wp-json\/wp\/v2\/users\/6"}],"replies":[{"embeddable":true,"href":"https:\/\/sap.sc.gov.br\/en\/wp-json\/wp\/v2\/comments?post=13217"}],"version-history":[{"count":0,"href":"https:\/\/sap.sc.gov.br\/en\/wp-json\/wp\/v2\/posts\/13217\/revisions"}],"wp:featuredmedia":[{"embeddable":true,"href":"https:\/\/sap.sc.gov.br\/en\/wp-json\/wp\/v2\/media\/13934"}],"wp:attachment":[{"href":"https:\/\/sap.sc.gov.br\/en\/wp-json\/wp\/v2\/media?parent=13217"}],"wp:term":[{"taxonomy":"category","embeddable":true,"href":"https:\/\/sap.sc.gov.br\/en\/wp-json\/wp\/v2\/categories?post=13217"},{"taxonomy":"post_tag","embeddable":true,"href":"https:\/\/sap.sc.gov.br\/en\/wp-json\/wp\/v2\/tags?post=13217"}],"curies":[{"name":"wp","href":"https:\/\/api.w.org\/{rel}","templated":true}]}}