{"id":13227,"date":"2011-11-29T14:34:44","date_gmt":"2011-11-29T16:34:44","guid":{"rendered":"http:\/\/webdease2023.intranet.ciasc.gov.br\/2011\/11\/29\/nota-de-falecimento-29-11-2011\/"},"modified":"2023-07-13T17:51:35","modified_gmt":"2023-07-13T20:51:35","slug":"nota-de-falecimento-29-11-2011","status":"publish","type":"post","link":"https:\/\/sap.sc.gov.br\/en\/nota-de-falecimento-29-11-2011\/","title":{"rendered":"Nota de Falecimento 29-11-2011"},"content":{"rendered":"<p style=\"text-align: justify;\">\u00c9 com enorme pesar que comunicamos o falecimento do Agente Penitenci\u00e1rio JOAQUIM WALMOR DE OLIVEIRA. Juca, como era conhecido, tinha 57 anos dos quais 37 dedicados a vida p\u00fablica, seu \u00faltimo cargo foi o de Diretor da Penitenci\u00e1ria de Florian\u00f3polis, ele estava internado desde o m\u00eas de julho, quando realizou um procedimento cir\u00fargico para a retirada de um tumor, vindo a falecer por volta das 19 horas desta segunda-feira dia 28\/11\/2011. O Vel\u00f3rio acontece na capela B do Cemit\u00e9rio do Itacurubi a partir das 02 horas desta ter\u00e7a-feira. &#8220;Perdemos um amigo, ganhamos um anjo&#8230; Fique com Deus.&#8221;<\/p>","protected":false},"excerpt":{"rendered":"<p>\u00c9 com enorme pesar que comunicamos o falecimento do Agente Penitenci\u00e1rio JOAQUIM WALMOR DE OLIVEIRA. Juca, como era conhecido, tinha 57 anos dos quais 37 dedicados a vida p\u00fablica, seu \u00faltimo cargo foi o de Diretor da Penitenci\u00e1ria de Florian\u00f3polis, ele estava internado desde o m\u00eas de julho, quando realizou um procedimento cir\u00fargico para a [&hellip;]<\/p>\n","protected":false},"author":6,"featured_media":0,"comment_status":"open","ping_status":"open","sticky":false,"template":"","format":"standard","meta":{"_monsterinsights_skip_tracking":false,"_monsterinsights_sitenote_active":false,"_monsterinsights_sitenote_note":"","_monsterinsights_sitenote_category":0,"footnotes":"","_wp_rev_ctl_limit":""},"categories":[1296],"tags":[],"publishpress_future_action":{"enabled":false,"date":"2026-05-03 05:32:11","action":"change-status","newStatus":"draft","terms":[],"taxonomy":"category"},"publishpress_future_workflow_manual_trigger":{"enabledWorkflows":[]},"_links":{"self":[{"href":"https:\/\/sap.sc.gov.br\/en\/wp-json\/wp\/v2\/posts\/13227"}],"collection":[{"href":"https:\/\/sap.sc.gov.br\/en\/wp-json\/wp\/v2\/posts"}],"about":[{"href":"https:\/\/sap.sc.gov.br\/en\/wp-json\/wp\/v2\/types\/post"}],"author":[{"embeddable":true,"href":"https:\/\/sap.sc.gov.br\/en\/wp-json\/wp\/v2\/users\/6"}],"replies":[{"embeddable":true,"href":"https:\/\/sap.sc.gov.br\/en\/wp-json\/wp\/v2\/comments?post=13227"}],"version-history":[{"count":0,"href":"https:\/\/sap.sc.gov.br\/en\/wp-json\/wp\/v2\/posts\/13227\/revisions"}],"wp:attachment":[{"href":"https:\/\/sap.sc.gov.br\/en\/wp-json\/wp\/v2\/media?parent=13227"}],"wp:term":[{"taxonomy":"category","embeddable":true,"href":"https:\/\/sap.sc.gov.br\/en\/wp-json\/wp\/v2\/categories?post=13227"},{"taxonomy":"post_tag","embeddable":true,"href":"https:\/\/sap.sc.gov.br\/en\/wp-json\/wp\/v2\/tags?post=13227"}],"curies":[{"name":"wp","href":"https:\/\/api.w.org\/{rel}","templated":true}]}}