{"id":13228,"date":"2011-10-05T14:37:19","date_gmt":"2011-10-05T17:37:19","guid":{"rendered":"http:\/\/webdease2023.intranet.ciasc.gov.br\/2011\/10\/05\/inaugurado-presidio-masculino-de-tubarao\/"},"modified":"2023-07-13T17:51:35","modified_gmt":"2023-07-13T20:51:35","slug":"inaugurado-presidio-masculino-de-tubarao","status":"publish","type":"post","link":"https:\/\/sap.sc.gov.br\/en\/inaugurado-presidio-masculino-de-tubarao\/","title":{"rendered":"Inaugurado Pres\u00eddio Masculino de Tubar\u00e3o"},"content":{"rendered":"<p style=\"text-align: justify;\">Unidade prisional no Sul do Estado tem capacidade para abrigar 372 detentos &#8211; A secret\u00e1ria de Estado da Justi\u00e7a e Cidadania, Ada Faraco de Luca, inaugurou dia 28 de setembro o Pres\u00eddio Masculino Regional de Tubar\u00e3o. \u201c\u00c9 com muita alegria e satisfa\u00e7\u00e3o que inauguro a primeira obra de grande porte da Secretaria de Estado da Justi\u00e7a de Cidadania\u201d, disse Ada de Luca. A solenidade tamb\u00e9m contou com a presen\u00e7a do governador do Estado, Raimundo Colombo, do vice, Eduardo Pinho Moreira, do secret\u00e1rio de Estado de Desenvolvimento Regional de Tubar\u00e3o, Haroldo Oliveira Silva e do prefeito de Tubar\u00e3o, Manoel Ant\u00f4nio Bertoncini. O governo investiu R$ 6.838.589,99 na unidade prisional que ser\u00e1 administrada em parceria com a iniciativa privada, s\u00e3o 135 funcion\u00e1rios em regime de co-gest\u00e3o distribu\u00eddos em 40 postos e 18 agentes penitenci\u00e1rios do Estado. \u201cFirmo ainda aqui um grande compromisso\u201d, anunciou Ada de Luca. \u201cEm um ano quero entregar o novo Pres\u00eddio Feminino de Tubar\u00e3o com espa\u00e7o para ber\u00e7\u00e1rios e todos os cuidados necess\u00e1rios para que as detentas, que tamb\u00e9m precisam de condi\u00e7\u00f5es dignas, retornem com orgulho para o seio da sociedade\u201d, complementou a secret\u00e1ria. O pres\u00eddio, com capacidade para abrigar 272 detentos do regime fechado e 120 do semiaberto, tem duas enfermarias, consult\u00f3rios m\u00e9dico e odontol\u00f3gico, salas para o setor administrativo, local para visitas de familiares, sol\u00e1rios e salas de revista. As refei\u00e7\u00f5es ser\u00e3o produzidas no pr\u00f3prio pres\u00eddio, que tem espa\u00e7os destinados para despensa e manipula\u00e7\u00e3o de alimentos, al\u00e9m de refeit\u00f3rio para os funcion\u00e1rios. O setor de seguran\u00e7a conta com alojamento para a vigil\u00e2ncia externa, duas guaritas elevadas para posto de guarda e alojamento na parte interna para agentes masculino e feminino. A empresa respons\u00e1vel pela co-gest\u00e3o do Pres\u00eddio Masculino Regional de Tubar\u00e3o, a MonteSinos, j\u00e1 atua h\u00e1 mais de nove anos em parceria com o Estado na Penitenci\u00e1ria Industrial de Joinville e h\u00e1 seis meses no Pres\u00eddio Regional de Itaja\u00ed.<\/p>","protected":false},"excerpt":{"rendered":"<p>Unidade prisional no Sul do Estado tem capacidade para abrigar 372 detentos &#8211; A secret\u00e1ria de Estado da Justi\u00e7a e Cidadania, Ada Faraco de Luca, inaugurou dia 28 de setembro o Pres\u00eddio Masculino Regional de Tubar\u00e3o. \u201c\u00c9 com muita alegria e satisfa\u00e7\u00e3o que inauguro a primeira obra de grande porte da Secretaria de Estado da [&hellip;]<\/p>\n","protected":false},"author":6,"featured_media":0,"comment_status":"open","ping_status":"open","sticky":false,"template":"","format":"standard","meta":{"_monsterinsights_skip_tracking":false,"_monsterinsights_sitenote_active":false,"_monsterinsights_sitenote_note":"","_monsterinsights_sitenote_category":0,"footnotes":"","_wp_rev_ctl_limit":""},"categories":[1296],"tags":[],"publishpress_future_action":{"enabled":false,"date":"2026-05-03 05:32:10","action":"change-status","newStatus":"draft","terms":[],"taxonomy":"category"},"publishpress_future_workflow_manual_trigger":{"enabledWorkflows":[]},"_links":{"self":[{"href":"https:\/\/sap.sc.gov.br\/en\/wp-json\/wp\/v2\/posts\/13228"}],"collection":[{"href":"https:\/\/sap.sc.gov.br\/en\/wp-json\/wp\/v2\/posts"}],"about":[{"href":"https:\/\/sap.sc.gov.br\/en\/wp-json\/wp\/v2\/types\/post"}],"author":[{"embeddable":true,"href":"https:\/\/sap.sc.gov.br\/en\/wp-json\/wp\/v2\/users\/6"}],"replies":[{"embeddable":true,"href":"https:\/\/sap.sc.gov.br\/en\/wp-json\/wp\/v2\/comments?post=13228"}],"version-history":[{"count":0,"href":"https:\/\/sap.sc.gov.br\/en\/wp-json\/wp\/v2\/posts\/13228\/revisions"}],"wp:attachment":[{"href":"https:\/\/sap.sc.gov.br\/en\/wp-json\/wp\/v2\/media?parent=13228"}],"wp:term":[{"taxonomy":"category","embeddable":true,"href":"https:\/\/sap.sc.gov.br\/en\/wp-json\/wp\/v2\/categories?post=13228"},{"taxonomy":"post_tag","embeddable":true,"href":"https:\/\/sap.sc.gov.br\/en\/wp-json\/wp\/v2\/tags?post=13228"}],"curies":[{"name":"wp","href":"https:\/\/api.w.org\/{rel}","templated":true}]}}