{"id":13233,"date":"2012-08-30T18:13:40","date_gmt":"2012-08-30T21:13:40","guid":{"rendered":"http:\/\/webdease2023.intranet.ciasc.gov.br\/2012\/08\/30\/nota-de-pesar-zamir-schafer\/"},"modified":"2023-07-13T17:51:27","modified_gmt":"2023-07-13T20:51:27","slug":"nota-de-pesar-zamir-schafer","status":"publish","type":"post","link":"https:\/\/sap.sc.gov.br\/en\/nota-de-pesar-zamir-schafer\/","title":{"rendered":"Nota de Pesar &#8211; Zamir Schafer"},"content":{"rendered":"<p style=\"text-align: justify;\">Os servidores do Departamento de Administra\u00e7\u00e3o Prisional manifestam seu profundo pesar pelo falecimento do Senhor Zamir Scharf, pai do agente penitenci\u00e1rio Alexandre Mois\u00e9s Eger Scharf, e se solidarizam com a dor de familiares e amigos. Na oportunidade, o DEAP presta suas condol\u00eancias aos familiares pela irrepar\u00e1vel perda.<\/p>","protected":false},"excerpt":{"rendered":"<p>Os servidores do Departamento de Administra\u00e7\u00e3o Prisional manifestam seu profundo pesar pelo falecimento do Senhor Zamir Scharf, pai do agente penitenci\u00e1rio Alexandre Mois\u00e9s Eger Scharf, e se solidarizam com a dor de familiares e amigos. Na oportunidade, o DEAP presta suas condol\u00eancias aos familiares pela irrepar\u00e1vel perda.<\/p>","protected":false},"author":6,"featured_media":13746,"comment_status":"open","ping_status":"open","sticky":false,"template":"","format":"standard","meta":{"_monsterinsights_skip_tracking":false,"_monsterinsights_sitenote_active":false,"_monsterinsights_sitenote_note":"","_monsterinsights_sitenote_category":0,"footnotes":"","_wp_rev_ctl_limit":""},"categories":[1296],"tags":[],"publishpress_future_action":{"enabled":false,"date":"2026-05-03 06:45:06","action":"change-status","newStatus":"draft","terms":[],"taxonomy":"category"},"publishpress_future_workflow_manual_trigger":{"enabledWorkflows":[]},"_links":{"self":[{"href":"https:\/\/sap.sc.gov.br\/en\/wp-json\/wp\/v2\/posts\/13233"}],"collection":[{"href":"https:\/\/sap.sc.gov.br\/en\/wp-json\/wp\/v2\/posts"}],"about":[{"href":"https:\/\/sap.sc.gov.br\/en\/wp-json\/wp\/v2\/types\/post"}],"author":[{"embeddable":true,"href":"https:\/\/sap.sc.gov.br\/en\/wp-json\/wp\/v2\/users\/6"}],"replies":[{"embeddable":true,"href":"https:\/\/sap.sc.gov.br\/en\/wp-json\/wp\/v2\/comments?post=13233"}],"version-history":[{"count":0,"href":"https:\/\/sap.sc.gov.br\/en\/wp-json\/wp\/v2\/posts\/13233\/revisions"}],"wp:featuredmedia":[{"embeddable":true,"href":"https:\/\/sap.sc.gov.br\/en\/wp-json\/wp\/v2\/media\/13746"}],"wp:attachment":[{"href":"https:\/\/sap.sc.gov.br\/en\/wp-json\/wp\/v2\/media?parent=13233"}],"wp:term":[{"taxonomy":"category","embeddable":true,"href":"https:\/\/sap.sc.gov.br\/en\/wp-json\/wp\/v2\/categories?post=13233"},{"taxonomy":"post_tag","embeddable":true,"href":"https:\/\/sap.sc.gov.br\/en\/wp-json\/wp\/v2\/tags?post=13233"}],"curies":[{"name":"wp","href":"https:\/\/api.w.org\/{rel}","templated":true}]}}