{"id":13236,"date":"2012-08-15T18:22:44","date_gmt":"2012-08-15T21:22:44","guid":{"rendered":"http:\/\/webdease2023.intranet.ciasc.gov.br\/2012\/08\/15\/senado-aprova-pl-da-informatizacao-do-acompanhamento-da-execucao-penal\/"},"modified":"2023-07-13T17:51:29","modified_gmt":"2023-07-13T20:51:29","slug":"senado-aprova-pl-da-informatizacao-do-acompanhamento-da-execucao-penal","status":"publish","type":"post","link":"https:\/\/sap.sc.gov.br\/en\/senado-aprova-pl-da-informatizacao-do-acompanhamento-da-execucao-penal\/","title":{"rendered":"Senado aprova PL da informatiza\u00e7\u00e3o do acompanhamento da execu\u00e7\u00e3o penal"},"content":{"rendered":"<p style=\"text-align: justify;\">O Senado aprovou nesta quarta-feira (08\/08) o Projeto de Lei do Executivo 61\/2012 , de autoria do Poder Executivo, que prev\u00ea o uso de sistema eletr\u00f4nico para acompanhamento da execu\u00e7\u00e3o das penas, da pris\u00e3o cautelar e da medida de seguran\u00e7a. Por causa das altera\u00e7\u00f5es, o projeto voltar\u00e1 \u00e0 C\u00e2mara dos Deputados para an\u00e1lise. O PL integra o Programa Nacional de Apoio ao Sistema Prisional, lan\u00e7ado no ano passado pelo governo federal. De acordo com a proposta, os dados e informa\u00e7\u00f5es da execu\u00e7\u00e3o da pena, da pris\u00e3o cautelar e das medidas de seguran\u00e7a dever\u00e3o ser mantidos e atualizados em sistema informatizado de acompanhamento.Segundo a proposta, todos os dados referentes ao cumprimento da pena poder\u00e3o ser acompanhados pelo juiz, pelo representante do Minist\u00e9rio P\u00fablico e pelo defensor. Estar\u00e3o dispon\u00edveis tamb\u00e9m \u00e0 pessoa presa ou sob cust\u00f3dia e aos representantes dos conselhos penitenci\u00e1rios estaduais e dos conselhos da comunidade. O objetivo \u00e9 evitar a perda de direitos dos presos, como a progress\u00e3o de regime ou a liberdade por cumprimento da pena. \u201cO projeto \u00e9 extremamente importante para a reintegra\u00e7\u00e3o social do preso e para evitar injusti\u00e7as\u201d, afirma o secret\u00e1rio de Assuntos Legislativos do Minist\u00e9rio da Justi\u00e7a, Marivaldo Pereira. Ele explica que a proposta contribuir\u00e1 para evitar a viola\u00e7\u00e3o de direitos de pessoas condenadas em raz\u00e3o da falta de acesso \u00e0 justi\u00e7a. \u201cPara isso, prev\u00ea que os entes respons\u00e1veis por estabelecimentos prisionais adotem ferramentas voltadas para a desburocratiza\u00e7\u00e3o e para a informatiza\u00e7\u00e3o do acompanhamento da execu\u00e7\u00e3o penal\u201d. Fruto do debate promovido no \u00e2mbito do Minist\u00e9rio da Justi\u00e7a, a proposta envolve o Departamento Penitenci\u00e1rio Nacional (Depen), o Conselho Nacional de Pol\u00edtica Criminal e Penitenci\u00e1ria e a Secret\u00e1ria de Assuntos Legislativos.<\/p>","protected":false},"excerpt":{"rendered":"<p>O Senado aprovou nesta quarta-feira (08\/08) o Projeto de Lei do Executivo 61\/2012 , de autoria do Poder Executivo, que prev\u00ea o uso de sistema eletr\u00f4nico para acompanhamento da execu\u00e7\u00e3o das penas, da pris\u00e3o cautelar e da medida de seguran\u00e7a. Por causa das altera\u00e7\u00f5es, o projeto voltar\u00e1 \u00e0 C\u00e2mara dos Deputados para an\u00e1lise. O PL [&hellip;]<\/p>\n","protected":false},"author":6,"featured_media":0,"comment_status":"open","ping_status":"open","sticky":false,"template":"","format":"standard","meta":{"_monsterinsights_skip_tracking":false,"_monsterinsights_sitenote_active":false,"_monsterinsights_sitenote_note":"","_monsterinsights_sitenote_category":0,"footnotes":"","_wp_rev_ctl_limit":""},"categories":[1296],"tags":[],"publishpress_future_action":{"enabled":false,"date":"2026-05-03 06:51:37","action":"change-status","newStatus":"draft","terms":[],"taxonomy":"category"},"publishpress_future_workflow_manual_trigger":{"enabledWorkflows":[]},"_links":{"self":[{"href":"https:\/\/sap.sc.gov.br\/en\/wp-json\/wp\/v2\/posts\/13236"}],"collection":[{"href":"https:\/\/sap.sc.gov.br\/en\/wp-json\/wp\/v2\/posts"}],"about":[{"href":"https:\/\/sap.sc.gov.br\/en\/wp-json\/wp\/v2\/types\/post"}],"author":[{"embeddable":true,"href":"https:\/\/sap.sc.gov.br\/en\/wp-json\/wp\/v2\/users\/6"}],"replies":[{"embeddable":true,"href":"https:\/\/sap.sc.gov.br\/en\/wp-json\/wp\/v2\/comments?post=13236"}],"version-history":[{"count":0,"href":"https:\/\/sap.sc.gov.br\/en\/wp-json\/wp\/v2\/posts\/13236\/revisions"}],"wp:attachment":[{"href":"https:\/\/sap.sc.gov.br\/en\/wp-json\/wp\/v2\/media?parent=13236"}],"wp:term":[{"taxonomy":"category","embeddable":true,"href":"https:\/\/sap.sc.gov.br\/en\/wp-json\/wp\/v2\/categories?post=13236"},{"taxonomy":"post_tag","embeddable":true,"href":"https:\/\/sap.sc.gov.br\/en\/wp-json\/wp\/v2\/tags?post=13236"}],"curies":[{"name":"wp","href":"https:\/\/api.w.org\/{rel}","templated":true}]}}