{"id":13268,"date":"2012-08-31T18:09:33","date_gmt":"2012-08-31T21:09:33","guid":{"rendered":"http:\/\/webdease2023.intranet.ciasc.gov.br\/2012\/08\/31\/nota-de-agradecimento-31-08-2012\/"},"modified":"2023-07-13T17:51:26","modified_gmt":"2023-07-13T20:51:26","slug":"nota-de-agradecimento-31-08-2012","status":"publish","type":"post","link":"https:\/\/sap.sc.gov.br\/en\/nota-de-agradecimento-31-08-2012\/","title":{"rendered":"Nota de Agradecimento &#8211; 31\/08\/2012"},"content":{"rendered":"<p style=\"text-align: justify;\">A Dire\u00e7\u00e3o do Departamento de Administra\u00e7\u00e3o Prisional vem tornar p\u00fablico o seu agradecimento aos mais de 250 agentes penitenci\u00e1rios de 25 unidades prisionais catarinenses que, de maneira honrosa, comprometida e at\u00e9 sobre-humana colaboraram com seu inestim\u00e1vel trabalho nas duas grandes Opera\u00e7\u00f5es Integradas de Seguran\u00e7a Prisional ocorridas na Penitenci\u00e1ria de Curitibanos, na data de ontem e no Complexo Penitenci\u00e1rio do Estado, hoje. Numa demonstra\u00e7\u00e3o inigual\u00e1vel de comprometimento com a fun\u00e7\u00e3o, honra ao Estado e preocupa\u00e7\u00e3o com a seguran\u00e7a dos colegas e da sociedade, estes profissionais empreenderam uma jornada de 48 horas de louv\u00e1vel esfor\u00e7o, praticamente ininterruptas, em prol da manuten\u00e7\u00e3o da ilibada imagem do sistema prisional catarinense, deixando para tr\u00e1s suas cidades, fam\u00edlias e dias de folga, por um bem maior. Em nome de todos os funcion\u00e1rios do Departamento de Administra\u00e7\u00e3o Prisional, esta Dire\u00e7\u00e3o presta uma singela homenagem consciente de que n\u00e3o existem palavras suficientes para agradecer tamanho esfor\u00e7o e dedica\u00e7\u00e3o e lembra que cada um desses servidores, indistintamente de cargo ou fun\u00e7\u00e3o, merece o devido reconhecimento e os aplausos da comunidade catarinense, diante de t\u00e3o bela demonstra\u00e7\u00e3o de comprometimento com sua profiss\u00e3o na manuten\u00e7\u00e3o de uma sociedade mais segura, justa e cidad\u00e3 para todos n\u00f3s. Muito obrigado, Leandro Ant\u00f4nio Soares Lima<\/p>","protected":false},"excerpt":{"rendered":"<p>A Dire\u00e7\u00e3o do Departamento de Administra\u00e7\u00e3o Prisional vem tornar p\u00fablico o seu agradecimento aos mais de 250 agentes penitenci\u00e1rios de 25 unidades prisionais catarinenses que, de maneira honrosa, comprometida e at\u00e9 sobre-humana colaboraram com seu inestim\u00e1vel trabalho nas duas grandes Opera\u00e7\u00f5es Integradas de Seguran\u00e7a Prisional ocorridas na Penitenci\u00e1ria de Curitibanos, na data de ontem e [&hellip;]<\/p>\n","protected":false},"author":6,"featured_media":13880,"comment_status":"open","ping_status":"open","sticky":false,"template":"","format":"standard","meta":{"_monsterinsights_skip_tracking":false,"_monsterinsights_sitenote_active":false,"_monsterinsights_sitenote_note":"","_monsterinsights_sitenote_category":0,"footnotes":"","_wp_rev_ctl_limit":""},"categories":[1296],"tags":[],"publishpress_future_action":{"enabled":false,"date":"2026-05-03 06:45:11","action":"change-status","newStatus":"draft","terms":[],"taxonomy":"category"},"publishpress_future_workflow_manual_trigger":{"enabledWorkflows":[]},"_links":{"self":[{"href":"https:\/\/sap.sc.gov.br\/en\/wp-json\/wp\/v2\/posts\/13268"}],"collection":[{"href":"https:\/\/sap.sc.gov.br\/en\/wp-json\/wp\/v2\/posts"}],"about":[{"href":"https:\/\/sap.sc.gov.br\/en\/wp-json\/wp\/v2\/types\/post"}],"author":[{"embeddable":true,"href":"https:\/\/sap.sc.gov.br\/en\/wp-json\/wp\/v2\/users\/6"}],"replies":[{"embeddable":true,"href":"https:\/\/sap.sc.gov.br\/en\/wp-json\/wp\/v2\/comments?post=13268"}],"version-history":[{"count":0,"href":"https:\/\/sap.sc.gov.br\/en\/wp-json\/wp\/v2\/posts\/13268\/revisions"}],"wp:featuredmedia":[{"embeddable":true,"href":"https:\/\/sap.sc.gov.br\/en\/wp-json\/wp\/v2\/media\/13880"}],"wp:attachment":[{"href":"https:\/\/sap.sc.gov.br\/en\/wp-json\/wp\/v2\/media?parent=13268"}],"wp:term":[{"taxonomy":"category","embeddable":true,"href":"https:\/\/sap.sc.gov.br\/en\/wp-json\/wp\/v2\/categories?post=13268"},{"taxonomy":"post_tag","embeddable":true,"href":"https:\/\/sap.sc.gov.br\/en\/wp-json\/wp\/v2\/tags?post=13268"}],"curies":[{"name":"wp","href":"https:\/\/api.w.org\/{rel}","templated":true}]}}