{"id":13280,"date":"2012-12-11T00:00:30","date_gmt":"2012-12-11T02:00:30","guid":{"rendered":"http:\/\/webdease2023.intranet.ciasc.gov.br\/2012\/12\/11\/nota-de-falecimento-marlene-palhano-teles\/"},"modified":"2023-07-13T17:51:47","modified_gmt":"2023-07-13T20:51:47","slug":"nota-de-falecimento-marlene-palhano-teles","status":"publish","type":"post","link":"https:\/\/sap.sc.gov.br\/en\/nota-de-falecimento-marlene-palhano-teles\/","title":{"rendered":"Nota de Falecimento &#8211; Marlene Palhano Teles"},"content":{"rendered":"<p style=\"text-align: justify;\">O Departamento de Administra\u00e7\u00e3o Prisional informa, com pesar, o falecimento da Agente Penitenci\u00e1ria MARLENE PALHANO TELES. Marlene estava lotada na Penitenci\u00e1ria da Regi\u00e3o de Curitibanos, e faleceu na manh\u00e3 desta ter\u00e7a-feira (11), v\u00edtima de c\u00e2ncer. O DEAP manifesta o seu profundo pesar e se solidariza com a dor da fam\u00edlia e amigos e, na oportunidade, presta suas condol\u00eancias aos familiares pela irrepar\u00e1vel perda.<\/p>","protected":false},"excerpt":{"rendered":"<p>O Departamento de Administra\u00e7\u00e3o Prisional informa, com pesar, o falecimento da Agente Penitenci\u00e1ria MARLENE PALHANO TELES. Marlene estava lotada na Penitenci\u00e1ria da Regi\u00e3o de Curitibanos, e faleceu na manh\u00e3 desta ter\u00e7a-feira (11), v\u00edtima de c\u00e2ncer. O DEAP manifesta o seu profundo pesar e se solidariza com a dor da fam\u00edlia e amigos e, na oportunidade, [&hellip;]<\/p>\n","protected":false},"author":6,"featured_media":0,"comment_status":"open","ping_status":"open","sticky":false,"template":"","format":"standard","meta":{"_monsterinsights_skip_tracking":false,"_monsterinsights_sitenote_active":false,"_monsterinsights_sitenote_note":"","_monsterinsights_sitenote_category":0,"footnotes":"","_wp_rev_ctl_limit":""},"categories":[1296],"tags":[],"publishpress_future_action":{"enabled":false,"date":"2026-05-03 07:04:58","action":"change-status","newStatus":"draft","terms":[],"taxonomy":"category"},"publishpress_future_workflow_manual_trigger":{"enabledWorkflows":[]},"_links":{"self":[{"href":"https:\/\/sap.sc.gov.br\/en\/wp-json\/wp\/v2\/posts\/13280"}],"collection":[{"href":"https:\/\/sap.sc.gov.br\/en\/wp-json\/wp\/v2\/posts"}],"about":[{"href":"https:\/\/sap.sc.gov.br\/en\/wp-json\/wp\/v2\/types\/post"}],"author":[{"embeddable":true,"href":"https:\/\/sap.sc.gov.br\/en\/wp-json\/wp\/v2\/users\/6"}],"replies":[{"embeddable":true,"href":"https:\/\/sap.sc.gov.br\/en\/wp-json\/wp\/v2\/comments?post=13280"}],"version-history":[{"count":0,"href":"https:\/\/sap.sc.gov.br\/en\/wp-json\/wp\/v2\/posts\/13280\/revisions"}],"wp:attachment":[{"href":"https:\/\/sap.sc.gov.br\/en\/wp-json\/wp\/v2\/media?parent=13280"}],"wp:term":[{"taxonomy":"category","embeddable":true,"href":"https:\/\/sap.sc.gov.br\/en\/wp-json\/wp\/v2\/categories?post=13280"},{"taxonomy":"post_tag","embeddable":true,"href":"https:\/\/sap.sc.gov.br\/en\/wp-json\/wp\/v2\/tags?post=13280"}],"curies":[{"name":"wp","href":"https:\/\/api.w.org\/{rel}","templated":true}]}}