{"id":13285,"date":"2012-11-21T00:00:50","date_gmt":"2012-11-21T02:00:50","guid":{"rendered":"http:\/\/webdease2023.intranet.ciasc.gov.br\/2012\/11\/21\/nota-de-esclarecimento-21-11-2012\/"},"modified":"2023-07-13T17:51:50","modified_gmt":"2023-07-13T20:51:50","slug":"nota-de-esclarecimento-21-11-2012","status":"publish","type":"post","link":"https:\/\/sap.sc.gov.br\/en\/nota-de-esclarecimento-21-11-2012\/","title":{"rendered":"Nota de Esclarecimento &#8211; 21\/11\/2012"},"content":{"rendered":"<p style=\"text-align: justify;\">O Departamento de Administra\u00e7\u00e3o Prisional, em nome de todos os agentes penitenci\u00e1rios do Estado de Santa Catarina, lamenta profundamente o conte\u00fado expresso na nota divulgada na coluna Visor do Jornal Di\u00e1rio Catarinense, de autoria do colunista Rafael Martini, publicada no dia 21 de novembro de 2012, intitulada \u201cR\u00e1dio Corredor\u201d, em que acusa a Secret\u00e1ria de Estado da Justi\u00e7a e Cidadania de negocia\u00e7\u00e3o com detentos em troca do fim dos ataques que ocorreram em nosso Estado. Como participante da reuni\u00e3o mencionada na referida nota e como Diretor do Departamento de Administra\u00e7\u00e3o Prisional, declaro e afirmo que jamais houve quaisquer tipos de negociatas com detentos ou criminosos e que este tipo de negocia\u00e7\u00e3o fere os nossos princ\u00edpios morais e \u00e9ticos, atingindo a honra dos profissionais que, t\u00e3o exemplarmente, prestam seus servi\u00e7os em prol de uma sociedade mais justa e humana. Leandro Ant\u00f4nio Soares Lima &#8211; Agente Penitenci\u00e1rio &#8211; Diretor<\/p>","protected":false},"excerpt":{"rendered":"<p>O Departamento de Administra\u00e7\u00e3o Prisional, em nome de todos os agentes penitenci\u00e1rios do Estado de Santa Catarina, lamenta profundamente o conte\u00fado expresso na nota divulgada na coluna Visor do Jornal Di\u00e1rio Catarinense, de autoria do colunista Rafael Martini, publicada no dia 21 de novembro de 2012, intitulada \u201cR\u00e1dio Corredor\u201d, em que acusa a Secret\u00e1ria de [&hellip;]<\/p>\n","protected":false},"author":6,"featured_media":0,"comment_status":"open","ping_status":"open","sticky":false,"template":"","format":"standard","meta":{"_monsterinsights_skip_tracking":false,"_monsterinsights_sitenote_active":false,"_monsterinsights_sitenote_note":"","_monsterinsights_sitenote_category":0,"footnotes":"","_wp_rev_ctl_limit":""},"categories":[1296],"tags":[],"publishpress_future_action":{"enabled":false,"date":"2026-05-03 06:44:58","action":"change-status","newStatus":"draft","terms":[],"taxonomy":"category"},"publishpress_future_workflow_manual_trigger":{"enabledWorkflows":[]},"_links":{"self":[{"href":"https:\/\/sap.sc.gov.br\/en\/wp-json\/wp\/v2\/posts\/13285"}],"collection":[{"href":"https:\/\/sap.sc.gov.br\/en\/wp-json\/wp\/v2\/posts"}],"about":[{"href":"https:\/\/sap.sc.gov.br\/en\/wp-json\/wp\/v2\/types\/post"}],"author":[{"embeddable":true,"href":"https:\/\/sap.sc.gov.br\/en\/wp-json\/wp\/v2\/users\/6"}],"replies":[{"embeddable":true,"href":"https:\/\/sap.sc.gov.br\/en\/wp-json\/wp\/v2\/comments?post=13285"}],"version-history":[{"count":0,"href":"https:\/\/sap.sc.gov.br\/en\/wp-json\/wp\/v2\/posts\/13285\/revisions"}],"wp:attachment":[{"href":"https:\/\/sap.sc.gov.br\/en\/wp-json\/wp\/v2\/media?parent=13285"}],"wp:term":[{"taxonomy":"category","embeddable":true,"href":"https:\/\/sap.sc.gov.br\/en\/wp-json\/wp\/v2\/categories?post=13285"},{"taxonomy":"post_tag","embeddable":true,"href":"https:\/\/sap.sc.gov.br\/en\/wp-json\/wp\/v2\/tags?post=13285"}],"curies":[{"name":"wp","href":"https:\/\/api.w.org\/{rel}","templated":true}]}}