{"id":13293,"date":"2013-01-21T00:00:00","date_gmt":"2013-01-21T02:00:00","guid":{"rendered":"http:\/\/webdease2023.intranet.ciasc.gov.br\/2013\/01\/21\/operacao-integrada-de-seguranca-prisional-em-sao-pedro-de-alcantara\/"},"modified":"2023-07-13T17:51:38","modified_gmt":"2023-07-13T20:51:38","slug":"operacao-integrada-de-seguranca-prisional-em-sao-pedro-de-alcantara","status":"publish","type":"post","link":"https:\/\/sap.sc.gov.br\/en\/operacao-integrada-de-seguranca-prisional-em-sao-pedro-de-alcantara\/","title":{"rendered":"Opera\u00e7\u00e3o Integrada de Seguran\u00e7a Prisional em S\u00e3o Pedro de Alc\u00e2ntara"},"content":{"rendered":"<p style=\"text-align: justify;\">Uma grande Opera\u00e7\u00e3o Integrada de Seguran\u00e7a Prisional foi organizada pelos agentes penitenci\u00e1rios do Complexo Penitenci\u00e1rio do Estado (COPE), em S\u00e3o Pedro de Alc\u00e2ntara. A Opera\u00e7\u00e3o que teve in\u00edcio na \u00faltima sexta-feira, 18, apreendeu nas celas de um dos pavilh\u00f5es, um aparelho radiocomunicador, um telefone celular com bateria e armas brancas. Com o apoio do N\u00facleo de Intelig\u00eancia Penitenci\u00e1ria, os agentes da unidade permaneceram em estado de alerta durante todo o \u00faltimo final de semana e durante a madrugada deste domingo, 21, interceptaram diversos objetos e drogas il\u00edcitas que seriam arremessados para dentro da penitenci\u00e1ria. Foram apreendidos 2kg de maconha, 10g de coca\u00edna, carteiras de cigarro, cart\u00f5es de mem\u00f3ria, aparato completo de radiocomunica\u00e7\u00e3o (carregadores, bases e quatro radiocomunicadores), quatro celulares, aparelho MP4 e fones de ouvido. O DEAP destacou a excel\u00eancia do trabalho prestado pela equipe do COPE, que reflete em um bem enorme \u00e0 seguran\u00e7a do Complexo, seus servidores e detentos. \u201cMais uma vez, os agentes penitenci\u00e1rios da unidade est\u00e3o de parab\u00e9ns, numa demonstra\u00e7\u00e3o de profissionalismo e compromisso com a fun\u00e7\u00e3o\u201d, destacou Leandro Lima, Diretor do Departamento. Todo o material apreendido foi encaminhado \u00e0 Delegacia da regi\u00e3o, onde foi lavrado um boletim de ocorr\u00eancia para posterior investiga\u00e7\u00e3o.<\/p>","protected":false},"excerpt":{"rendered":"<p>Uma grande Opera\u00e7\u00e3o Integrada de Seguran\u00e7a Prisional foi organizada pelos agentes penitenci\u00e1rios do Complexo Penitenci\u00e1rio do Estado (COPE), em S\u00e3o Pedro de Alc\u00e2ntara. A Opera\u00e7\u00e3o que teve in\u00edcio na \u00faltima sexta-feira, 18, apreendeu nas celas de um dos pavilh\u00f5es, um aparelho radiocomunicador, um telefone celular com bateria e armas brancas. Com o apoio do N\u00facleo [&hellip;]<\/p>\n","protected":false},"author":6,"featured_media":13972,"comment_status":"open","ping_status":"open","sticky":false,"template":"","format":"standard","meta":{"_monsterinsights_skip_tracking":false,"_monsterinsights_sitenote_active":false,"_monsterinsights_sitenote_note":"","_monsterinsights_sitenote_category":0,"footnotes":"","_wp_rev_ctl_limit":""},"categories":[1296],"tags":[],"publishpress_future_action":{"enabled":false,"date":"2026-05-03 08:10:07","action":"change-status","newStatus":"draft","terms":[],"taxonomy":"category"},"publishpress_future_workflow_manual_trigger":{"enabledWorkflows":[]},"_links":{"self":[{"href":"https:\/\/sap.sc.gov.br\/en\/wp-json\/wp\/v2\/posts\/13293"}],"collection":[{"href":"https:\/\/sap.sc.gov.br\/en\/wp-json\/wp\/v2\/posts"}],"about":[{"href":"https:\/\/sap.sc.gov.br\/en\/wp-json\/wp\/v2\/types\/post"}],"author":[{"embeddable":true,"href":"https:\/\/sap.sc.gov.br\/en\/wp-json\/wp\/v2\/users\/6"}],"replies":[{"embeddable":true,"href":"https:\/\/sap.sc.gov.br\/en\/wp-json\/wp\/v2\/comments?post=13293"}],"version-history":[{"count":0,"href":"https:\/\/sap.sc.gov.br\/en\/wp-json\/wp\/v2\/posts\/13293\/revisions"}],"wp:featuredmedia":[{"embeddable":true,"href":"https:\/\/sap.sc.gov.br\/en\/wp-json\/wp\/v2\/media\/13972"}],"wp:attachment":[{"href":"https:\/\/sap.sc.gov.br\/en\/wp-json\/wp\/v2\/media?parent=13293"}],"wp:term":[{"taxonomy":"category","embeddable":true,"href":"https:\/\/sap.sc.gov.br\/en\/wp-json\/wp\/v2\/categories?post=13293"},{"taxonomy":"post_tag","embeddable":true,"href":"https:\/\/sap.sc.gov.br\/en\/wp-json\/wp\/v2\/tags?post=13293"}],"curies":[{"name":"wp","href":"https:\/\/api.w.org\/{rel}","templated":true}]}}