{"id":13295,"date":"2013-01-14T00:00:30","date_gmt":"2013-01-14T02:00:30","guid":{"rendered":"http:\/\/webdease2023.intranet.ciasc.gov.br\/2013\/01\/14\/nota-de-esclarecimento-14-01-2013\/"},"modified":"2023-07-13T17:51:39","modified_gmt":"2023-07-13T20:51:39","slug":"nota-de-esclarecimento-14-01-2013","status":"publish","type":"post","link":"https:\/\/sap.sc.gov.br\/en\/nota-de-esclarecimento-14-01-2013\/","title":{"rendered":"Nota de Esclarecimento &#8211; 14\/01\/2013"},"content":{"rendered":"<p style=\"text-align: justify;\">O Departamento de Administra\u00e7\u00e3o Prisional (Deap) esclarece que est\u00e1 em andamento o projeto para a forma\u00e7\u00e3o de Agentes Penitenci\u00e1rios especializados em Interven\u00e7\u00e3o T\u00e1tica Prisional. Na primeira fase do projeto o Deap enviou mais de 30 agentes para o curso de Interven\u00e7\u00e3o Prisional promovido pela Diretoria Penitenci\u00e1ria de Opera\u00e7\u00f5es Especiais do Distrito Federal (DPOE\/DF), considerada a melhor escola de interven\u00e7\u00e3o t\u00e1tica do pa\u00eds. Neste momento o Deap investe apenas no treinamento de seus agentes em atividades espec\u00edficas de interven\u00e7\u00e3o t\u00e1tica em ambiente prisional. Os grupos s\u00f3 passar\u00e3o a atuar ap\u00f3s alcan\u00e7ar o padr\u00e3o de qualidade adequado. H\u00e1 tamb\u00e9m a necessidade de regulamenta\u00e7\u00e3o legal para que possam entrar em opera\u00e7\u00e3o. S\u00f3 depois do t\u00e9rmino da capacita\u00e7\u00e3o e da regulamenta\u00e7\u00e3o legal \u00e9 que ser\u00e1 definido o nome do agente penitenci\u00e1rio que vai comandar os grupos. Destaco ainda que o agente penitenci\u00e1rio Carlos Ant\u00f4nio Gon\u00e7alves Alves tem todas as condi\u00e7\u00f5es para assumir o comando dos grupos de Interven\u00e7\u00e3o T\u00e1tica em ambiente prisional, dada a sua qualifica\u00e7\u00e3o profissional. No entanto ressalto que n\u00e3o existe nenhuma defini\u00e7\u00e3o ou prospec\u00e7\u00e3o de nomes para o cargo e qualquer nomea\u00e7\u00e3o prematura \u2013 conforme veiculado na imprensa catarinense &#8211; ser\u00e1 mera especula\u00e7\u00e3o. As defini\u00e7\u00f5es acerca da estrutura hier\u00e1rquica e operacional dos grupos de Interven\u00e7\u00e3o T\u00e1tica Prisional do Estado somente se dar\u00e3o a partir do momento em que estes grupos passarem a existir n\u00e3o apenas de fato, mas tamb\u00e9m de direito. Por enquanto, continuaremos trabalhando no \u00e2mbito do treinamento, da capacita\u00e7\u00e3o e da troca de informa\u00e7\u00f5es com outras institui\u00e7\u00f5es que trabalham com esta atividade. Assim, realizaremos um trabalho integrado com as Pol\u00edcias Militar e Civil do Estado de Santa Catarina, com o DPOE\/DF, em conjunto com a ACADEJUC, nossa institui\u00e7\u00e3o oficial para a forma\u00e7\u00e3o, capacita\u00e7\u00e3o, treinamento e desenvolvimento do potencial do Agente Penitenci\u00e1rio, investimento em favor dos profissionais do sistema prisional que resulta em benef\u00edcio para toda a sociedade catarinense. Leandro Lima Diretor do Deap<\/p>","protected":false},"excerpt":{"rendered":"<p>O Departamento de Administra\u00e7\u00e3o Prisional (Deap) esclarece que est\u00e1 em andamento o projeto para a forma\u00e7\u00e3o de Agentes Penitenci\u00e1rios especializados em Interven\u00e7\u00e3o T\u00e1tica Prisional. Na primeira fase do projeto o Deap enviou mais de 30 agentes para o curso de Interven\u00e7\u00e3o Prisional promovido pela Diretoria Penitenci\u00e1ria de Opera\u00e7\u00f5es Especiais do Distrito Federal (DPOE\/DF), considerada a [&hellip;]<\/p>\n","protected":false},"author":6,"featured_media":13755,"comment_status":"open","ping_status":"open","sticky":false,"template":"","format":"standard","meta":{"_monsterinsights_skip_tracking":false,"_monsterinsights_sitenote_active":false,"_monsterinsights_sitenote_note":"","_monsterinsights_sitenote_category":0,"footnotes":"","_wp_rev_ctl_limit":""},"categories":[1296],"tags":[],"publishpress_future_action":{"enabled":false,"date":"2026-05-03 08:00:13","action":"change-status","newStatus":"draft","terms":[],"taxonomy":"category"},"publishpress_future_workflow_manual_trigger":{"enabledWorkflows":[]},"_links":{"self":[{"href":"https:\/\/sap.sc.gov.br\/en\/wp-json\/wp\/v2\/posts\/13295"}],"collection":[{"href":"https:\/\/sap.sc.gov.br\/en\/wp-json\/wp\/v2\/posts"}],"about":[{"href":"https:\/\/sap.sc.gov.br\/en\/wp-json\/wp\/v2\/types\/post"}],"author":[{"embeddable":true,"href":"https:\/\/sap.sc.gov.br\/en\/wp-json\/wp\/v2\/users\/6"}],"replies":[{"embeddable":true,"href":"https:\/\/sap.sc.gov.br\/en\/wp-json\/wp\/v2\/comments?post=13295"}],"version-history":[{"count":0,"href":"https:\/\/sap.sc.gov.br\/en\/wp-json\/wp\/v2\/posts\/13295\/revisions"}],"wp:featuredmedia":[{"embeddable":true,"href":"https:\/\/sap.sc.gov.br\/en\/wp-json\/wp\/v2\/media\/13755"}],"wp:attachment":[{"href":"https:\/\/sap.sc.gov.br\/en\/wp-json\/wp\/v2\/media?parent=13295"}],"wp:term":[{"taxonomy":"category","embeddable":true,"href":"https:\/\/sap.sc.gov.br\/en\/wp-json\/wp\/v2\/categories?post=13295"},{"taxonomy":"post_tag","embeddable":true,"href":"https:\/\/sap.sc.gov.br\/en\/wp-json\/wp\/v2\/tags?post=13295"}],"curies":[{"name":"wp","href":"https:\/\/api.w.org\/{rel}","templated":true}]}}