{"id":13300,"date":"2013-01-05T00:00:00","date_gmt":"2013-01-05T02:00:00","guid":{"rendered":"http:\/\/webdease2023.intranet.ciasc.gov.br\/2013\/01\/05\/advogado-e-encaminhado-a-5-delegacia-de-policia-da-capital\/"},"modified":"2023-07-13T17:51:43","modified_gmt":"2023-07-13T20:51:43","slug":"advogado-e-encaminhado-a-5-delegacia-de-policia-da-capital","status":"publish","type":"post","link":"https:\/\/sap.sc.gov.br\/en\/advogado-e-encaminhado-a-5-delegacia-de-policia-da-capital\/","title":{"rendered":"Advogado \u00e9 encaminhado \u00e0 5\u00aa Delegacia de Pol\u00edcia da Capital"},"content":{"rendered":"<p style=\"text-align: justify;\">Um advogado foi preso no in\u00edcio da noite desta sexta-feira, ao tentar levar para presos da Central de Triagem da Trindade duas baterias e um fone de ouvido. O advogado foi encaminhado \u00e0 5\u00aa Delegacia de Pol\u00edcia da Capital, onde foi autuado e responder\u00e1 a um termo circunstanciado. Ao ser liberado, ainda na noite desta sexta, alegou sofrer persegui\u00e7\u00f5es dos agentes penitenci\u00e1rios, por fazer parte da Comiss\u00e3o de Direitos Humanos da OAB-SC e por ter sido relator de um processo de tortura no Complexo Penitenci\u00e1rio do Estado, em 2008. A respeito do caso, o Departamento de Administra\u00e7\u00e3o Prisional manifesta primeiramente os devidos elogios aos agentes penitenci\u00e1rios que impediram a entrada de objetos il\u00edcitos na unidade prisional, numa demonstra\u00e7\u00e3o de profissionalismo e compromisso com a fun\u00e7\u00e3o. No concernente \u00e0s acusa\u00e7\u00f5es do advogado, o DEAP lembra que os seus servidores apenas cumpriram com suas obriga\u00e7\u00f5es funcionais, garantindo ao advogado todos os direitos previstos em lei. Todo o material apreendido e depoimentos ser\u00e3o analisados pela Pol\u00edcia Civil catarinense e pelo Judici\u00e1rio, que far\u00e1 cumprir a justi\u00e7a e garantir\u00e1 a amplitude de direitos a todos os envolvidos. \u201cN\u00f3s acreditamos na import\u00e2ncia das organiza\u00e7\u00f5es sociais, notadamente \u00e0 Ordem dos Advogados do Brasil, com quem o Departamento de Administra\u00e7\u00e3o Prisional necessita manter bom relacionamento, em prol de uma melhor operacionaliza\u00e7\u00e3o do sistema prisional do Estado de Santa Catarina\u201d, lembra Leandro Antonio Soares Lima, diretor do DEAP.<\/p>","protected":false},"excerpt":{"rendered":"<p>Um advogado foi preso no in\u00edcio da noite desta sexta-feira, ao tentar levar para presos da Central de Triagem da Trindade duas baterias e um fone de ouvido. O advogado foi encaminhado \u00e0 5\u00aa Delegacia de Pol\u00edcia da Capital, onde foi autuado e responder\u00e1 a um termo circunstanciado. Ao ser liberado, ainda na noite desta [&hellip;]<\/p>\n","protected":false},"author":6,"featured_media":13755,"comment_status":"open","ping_status":"open","sticky":false,"template":"","format":"standard","meta":{"_monsterinsights_skip_tracking":false,"_monsterinsights_sitenote_active":false,"_monsterinsights_sitenote_note":"","_monsterinsights_sitenote_category":0,"footnotes":"","_wp_rev_ctl_limit":""},"categories":[1296],"tags":[],"publishpress_future_action":{"enabled":false,"date":"2026-05-03 08:10:29","action":"change-status","newStatus":"draft","terms":[],"taxonomy":"category"},"publishpress_future_workflow_manual_trigger":{"enabledWorkflows":[]},"_links":{"self":[{"href":"https:\/\/sap.sc.gov.br\/en\/wp-json\/wp\/v2\/posts\/13300"}],"collection":[{"href":"https:\/\/sap.sc.gov.br\/en\/wp-json\/wp\/v2\/posts"}],"about":[{"href":"https:\/\/sap.sc.gov.br\/en\/wp-json\/wp\/v2\/types\/post"}],"author":[{"embeddable":true,"href":"https:\/\/sap.sc.gov.br\/en\/wp-json\/wp\/v2\/users\/6"}],"replies":[{"embeddable":true,"href":"https:\/\/sap.sc.gov.br\/en\/wp-json\/wp\/v2\/comments?post=13300"}],"version-history":[{"count":0,"href":"https:\/\/sap.sc.gov.br\/en\/wp-json\/wp\/v2\/posts\/13300\/revisions"}],"wp:featuredmedia":[{"embeddable":true,"href":"https:\/\/sap.sc.gov.br\/en\/wp-json\/wp\/v2\/media\/13755"}],"wp:attachment":[{"href":"https:\/\/sap.sc.gov.br\/en\/wp-json\/wp\/v2\/media?parent=13300"}],"wp:term":[{"taxonomy":"category","embeddable":true,"href":"https:\/\/sap.sc.gov.br\/en\/wp-json\/wp\/v2\/categories?post=13300"},{"taxonomy":"post_tag","embeddable":true,"href":"https:\/\/sap.sc.gov.br\/en\/wp-json\/wp\/v2\/tags?post=13300"}],"curies":[{"name":"wp","href":"https:\/\/api.w.org\/{rel}","templated":true}]}}