{"id":13303,"date":"2012-12-24T00:00:00","date_gmt":"2012-12-24T02:00:00","guid":{"rendered":"http:\/\/webdease2023.intranet.ciasc.gov.br\/2012\/12\/24\/principio-de-motim-em-blumenau\/"},"modified":"2023-07-13T17:51:43","modified_gmt":"2023-07-13T20:51:43","slug":"principio-de-motim-em-blumenau","status":"publish","type":"post","link":"https:\/\/sap.sc.gov.br\/en\/principio-de-motim-em-blumenau\/","title":{"rendered":"Princ\u00edpio de motim em Blumenau"},"content":{"rendered":"<p style=\"text-align: justify;\">Na manh\u00e3 desta segunda-feira, 24 de dezembro, tr\u00eas presos empreenderam fuga do Pres\u00eddio Regional de Blumenau durante um procedimento de rotina realizado nas galerias. Dois dos detentos lograram \u00eaxito conseguindo evadir-se e um deles foi recapturado ao cair dos muros da unidade enquanto tentava ultrapass\u00e1-lo. Diante do movimento de conten\u00e7\u00e3o da fuga, os internos do Pres\u00eddio incitaram uma manifesta\u00e7\u00e3o, iniciando uma situa\u00e7\u00e3o de pr\u00e9-amotinamento. Imediatamente a unidade solicitou o refor\u00e7o de 50 agentes penitenci\u00e1rios de oito unidades prisionais da regi\u00e3o, que se locomoverem para o Pres\u00eddio de Blumenau juntamente com o Diretor do DEAP e equipe de apoio. A situa\u00e7\u00e3o foi totalmente controlada ainda no final desta manh\u00e3. Alguns reparos foram feitos na estrutura da unidade, mas n\u00e3o houve a necessidade de transfer\u00eancia de nenhum apenado. Um vigilante ficou ferido durante a tentativa de conten\u00e7\u00e3o dos presos que fugiram e o detento que n\u00e3o conseguiu empreender fuga feriu-se sem gravidade ao cair do muro. O Departamento de Administra\u00e7\u00e3o Prisional agradece e parabeniza a r\u00e1pida resposta dos agentes da unidade e dos 50 servidores que auxiliaram na necess\u00e1ria interven\u00e7\u00e3o, bem como aos policiais militares da Cia. de Guarda do Pres\u00eddio e \u00e0 Pol\u00edcia Militar de Blumenau que auxiliou de pronto na unidade e na busca pelos foragidos. O DEAP destaca e agradece ainda a atua\u00e7\u00e3o do Grupamento A\u00e9reo da Pol\u00edcia Militar do Estado de Santa Catarina, pelo aux\u00edlio no transporte da Dire\u00e7\u00e3o e Agentes de apoio ao Pres\u00eddio, bem como no apoio a\u00e9reo durante o ocorrido.<\/p>","protected":false},"excerpt":{"rendered":"<p>Na manh\u00e3 desta segunda-feira, 24 de dezembro, tr\u00eas presos empreenderam fuga do Pres\u00eddio Regional de Blumenau durante um procedimento de rotina realizado nas galerias. Dois dos detentos lograram \u00eaxito conseguindo evadir-se e um deles foi recapturado ao cair dos muros da unidade enquanto tentava ultrapass\u00e1-lo. Diante do movimento de conten\u00e7\u00e3o da fuga, os internos do [&hellip;]<\/p>\n","protected":false},"author":6,"featured_media":13755,"comment_status":"open","ping_status":"open","sticky":false,"template":"","format":"standard","meta":{"_monsterinsights_skip_tracking":false,"_monsterinsights_sitenote_active":false,"_monsterinsights_sitenote_note":"","_monsterinsights_sitenote_category":0,"footnotes":"","_wp_rev_ctl_limit":""},"categories":[1296],"tags":[],"publishpress_future_action":{"enabled":false,"date":"2026-05-03 08:05:22","action":"change-status","newStatus":"draft","terms":[],"taxonomy":"category"},"publishpress_future_workflow_manual_trigger":{"enabledWorkflows":[]},"_links":{"self":[{"href":"https:\/\/sap.sc.gov.br\/en\/wp-json\/wp\/v2\/posts\/13303"}],"collection":[{"href":"https:\/\/sap.sc.gov.br\/en\/wp-json\/wp\/v2\/posts"}],"about":[{"href":"https:\/\/sap.sc.gov.br\/en\/wp-json\/wp\/v2\/types\/post"}],"author":[{"embeddable":true,"href":"https:\/\/sap.sc.gov.br\/en\/wp-json\/wp\/v2\/users\/6"}],"replies":[{"embeddable":true,"href":"https:\/\/sap.sc.gov.br\/en\/wp-json\/wp\/v2\/comments?post=13303"}],"version-history":[{"count":0,"href":"https:\/\/sap.sc.gov.br\/en\/wp-json\/wp\/v2\/posts\/13303\/revisions"}],"wp:featuredmedia":[{"embeddable":true,"href":"https:\/\/sap.sc.gov.br\/en\/wp-json\/wp\/v2\/media\/13755"}],"wp:attachment":[{"href":"https:\/\/sap.sc.gov.br\/en\/wp-json\/wp\/v2\/media?parent=13303"}],"wp:term":[{"taxonomy":"category","embeddable":true,"href":"https:\/\/sap.sc.gov.br\/en\/wp-json\/wp\/v2\/categories?post=13303"},{"taxonomy":"post_tag","embeddable":true,"href":"https:\/\/sap.sc.gov.br\/en\/wp-json\/wp\/v2\/tags?post=13303"}],"curies":[{"name":"wp","href":"https:\/\/api.w.org\/{rel}","templated":true}]}}