{"id":13305,"date":"2012-12-19T00:00:10","date_gmt":"2012-12-19T02:00:10","guid":{"rendered":"http:\/\/webdease2023.intranet.ciasc.gov.br\/2012\/12\/19\/penitenciaria-de-itajai-forma-40-reeducandos\/"},"modified":"2023-07-13T17:51:45","modified_gmt":"2023-07-13T20:51:45","slug":"penitenciaria-de-itajai-forma-40-reeducandos","status":"publish","type":"post","link":"https:\/\/sap.sc.gov.br\/en\/penitenciaria-de-itajai-forma-40-reeducandos\/","title":{"rendered":"Penitenci\u00e1ria de Itaja\u00ed forma 40 reeducandos"},"content":{"rendered":"<p style=\"text-align: justify;\">No \u00faltimo dia 14 de dezembro ocorreu a formatura de 40 reeducandos da Penitenci\u00e1ria Masculina do Complexo Penitenci\u00e1rio do Vale do Itaja\u00ed, no curso de Solda MIG\/MAG ministrado nas depend\u00eancias da unidade. Estavam presentes no evento o Dr. Pedro Walicoski de Carvalho, Juiz da Vara de Execu\u00e7\u00f5es Penais da Comarca de Itaja\u00ed, Dra. Cristina Balceiro da Motta, Promotora de Justi\u00e7a da 1\u00aa Promotoria de Justi\u00e7a da Comarca de Itaja\u00ed, entre outros convidados e autoridades do munic\u00edpio de Itaja\u00ed e regi\u00e3o. Durante o curso os formandos confeccionaram 06 cadeiras de rodas, das quais tr\u00eas foram doadas para internos cadeirantes da unidade, duas para lares de idosos da regi\u00e3o e outra para uma moradora carente do munic\u00edpio. O curso de solda \u00e9 promovido atrav\u00e9s de uma parceria entre o IEPES \u2013 (Instituto de Estudos e Pesquisas sobre Viol\u00eancia e Criminalidade de Itaja\u00ed) e a Escola T\u00e9cnica Assessoritec, devendo formar atrav\u00e9s do conv\u00eanio, pelo menos 90 reeducandos do regime semiaberto.<\/p>","protected":false},"excerpt":{"rendered":"<p>No \u00faltimo dia 14 de dezembro ocorreu a formatura de 40 reeducandos da Penitenci\u00e1ria Masculina do Complexo Penitenci\u00e1rio do Vale do Itaja\u00ed, no curso de Solda MIG\/MAG ministrado nas depend\u00eancias da unidade. Estavam presentes no evento o Dr. Pedro Walicoski de Carvalho, Juiz da Vara de Execu\u00e7\u00f5es Penais da Comarca de Itaja\u00ed, Dra. Cristina Balceiro [&hellip;]<\/p>\n","protected":false},"author":6,"featured_media":14022,"comment_status":"open","ping_status":"open","sticky":false,"template":"","format":"standard","meta":{"_monsterinsights_skip_tracking":false,"_monsterinsights_sitenote_active":false,"_monsterinsights_sitenote_note":"","_monsterinsights_sitenote_category":0,"footnotes":"","_wp_rev_ctl_limit":""},"categories":[1296],"tags":[],"publishpress_future_action":{"enabled":false,"date":"2026-05-03 08:10:30","action":"change-status","newStatus":"draft","terms":[],"taxonomy":"category"},"publishpress_future_workflow_manual_trigger":{"enabledWorkflows":[]},"_links":{"self":[{"href":"https:\/\/sap.sc.gov.br\/en\/wp-json\/wp\/v2\/posts\/13305"}],"collection":[{"href":"https:\/\/sap.sc.gov.br\/en\/wp-json\/wp\/v2\/posts"}],"about":[{"href":"https:\/\/sap.sc.gov.br\/en\/wp-json\/wp\/v2\/types\/post"}],"author":[{"embeddable":true,"href":"https:\/\/sap.sc.gov.br\/en\/wp-json\/wp\/v2\/users\/6"}],"replies":[{"embeddable":true,"href":"https:\/\/sap.sc.gov.br\/en\/wp-json\/wp\/v2\/comments?post=13305"}],"version-history":[{"count":0,"href":"https:\/\/sap.sc.gov.br\/en\/wp-json\/wp\/v2\/posts\/13305\/revisions"}],"wp:featuredmedia":[{"embeddable":true,"href":"https:\/\/sap.sc.gov.br\/en\/wp-json\/wp\/v2\/media\/14022"}],"wp:attachment":[{"href":"https:\/\/sap.sc.gov.br\/en\/wp-json\/wp\/v2\/media?parent=13305"}],"wp:term":[{"taxonomy":"category","embeddable":true,"href":"https:\/\/sap.sc.gov.br\/en\/wp-json\/wp\/v2\/categories?post=13305"},{"taxonomy":"post_tag","embeddable":true,"href":"https:\/\/sap.sc.gov.br\/en\/wp-json\/wp\/v2\/tags?post=13305"}],"curies":[{"name":"wp","href":"https:\/\/api.w.org\/{rel}","templated":true}]}}