{"id":13307,"date":"2012-12-17T00:00:10","date_gmt":"2012-12-17T02:00:10","guid":{"rendered":"http:\/\/webdease2023.intranet.ciasc.gov.br\/2012\/12\/17\/policia-rodoviaria-federal-e-deap-consolidam-parceria\/"},"modified":"2023-07-13T17:51:46","modified_gmt":"2023-07-13T20:51:46","slug":"policia-rodoviaria-federal-e-deap-consolidam-parceria","status":"publish","type":"post","link":"https:\/\/sap.sc.gov.br\/en\/policia-rodoviaria-federal-e-deap-consolidam-parceria\/","title":{"rendered":"Pol\u00edcia Rodovi\u00e1ria Federal e DEAP consolidam parceria"},"content":{"rendered":"<p style=\"text-align: justify;\">A Pol\u00edcia Rodovi\u00e1ria Federal do Estado de Santa Catarina e o Departamento de Administra\u00e7\u00e3o Prisional consolidam na tarde desta segunda-feira, 17, uma parceria que h\u00e1 meses vinha sendo articulada. Com o intuito de estreitar os la\u00e7os de relacionamento entre as institui\u00e7\u00f5es e buscar parcerias positivas para o Estado e para a sociedade catarinense, a PRF-SC far\u00e1, \u00e0s 16 horas desta segunda-feira, a doa\u00e7\u00e3o 210 coletes bal\u00edsticos e 4 scaners m\u00f3veis (semelhantes aos utilizados em aeroportos), para utiliza\u00e7\u00e3o em revistas de materiais que entram nas unidades prisionais. \u201cO DEAP e a PRF-SC v\u00eam desenvolvendo in\u00fameras opera\u00e7\u00f5es conjuntas exitosas, o que nos leva a crer que somente com o somat\u00f3rio das for\u00e7as vivas da sociedade e em sintonia com as institui\u00e7\u00f5es articuladas \u00e9 que lograremos o \u00eaxito no cumprimento de nossas miss\u00f5es institucionais\u201d, diz Leandro Ant\u00f4nio Soares Lima, diretor do DEAP.<\/p>","protected":false},"excerpt":{"rendered":"<p>A Pol\u00edcia Rodovi\u00e1ria Federal do Estado de Santa Catarina e o Departamento de Administra\u00e7\u00e3o Prisional consolidam na tarde desta segunda-feira, 17, uma parceria que h\u00e1 meses vinha sendo articulada. Com o intuito de estreitar os la\u00e7os de relacionamento entre as institui\u00e7\u00f5es e buscar parcerias positivas para o Estado e para a sociedade catarinense, a PRF-SC [&hellip;]<\/p>\n","protected":false},"author":6,"featured_media":14030,"comment_status":"open","ping_status":"open","sticky":false,"template":"","format":"standard","meta":{"_monsterinsights_skip_tracking":false,"_monsterinsights_sitenote_active":false,"_monsterinsights_sitenote_note":"","_monsterinsights_sitenote_category":0,"footnotes":"","_wp_rev_ctl_limit":""},"categories":[1296],"tags":[],"publishpress_future_action":{"enabled":false,"date":"2026-05-03 07:04:24","action":"change-status","newStatus":"draft","terms":[],"taxonomy":"category"},"publishpress_future_workflow_manual_trigger":{"enabledWorkflows":[]},"_links":{"self":[{"href":"https:\/\/sap.sc.gov.br\/en\/wp-json\/wp\/v2\/posts\/13307"}],"collection":[{"href":"https:\/\/sap.sc.gov.br\/en\/wp-json\/wp\/v2\/posts"}],"about":[{"href":"https:\/\/sap.sc.gov.br\/en\/wp-json\/wp\/v2\/types\/post"}],"author":[{"embeddable":true,"href":"https:\/\/sap.sc.gov.br\/en\/wp-json\/wp\/v2\/users\/6"}],"replies":[{"embeddable":true,"href":"https:\/\/sap.sc.gov.br\/en\/wp-json\/wp\/v2\/comments?post=13307"}],"version-history":[{"count":0,"href":"https:\/\/sap.sc.gov.br\/en\/wp-json\/wp\/v2\/posts\/13307\/revisions"}],"wp:featuredmedia":[{"embeddable":true,"href":"https:\/\/sap.sc.gov.br\/en\/wp-json\/wp\/v2\/media\/14030"}],"wp:attachment":[{"href":"https:\/\/sap.sc.gov.br\/en\/wp-json\/wp\/v2\/media?parent=13307"}],"wp:term":[{"taxonomy":"category","embeddable":true,"href":"https:\/\/sap.sc.gov.br\/en\/wp-json\/wp\/v2\/categories?post=13307"},{"taxonomy":"post_tag","embeddable":true,"href":"https:\/\/sap.sc.gov.br\/en\/wp-json\/wp\/v2\/tags?post=13307"}],"curies":[{"name":"wp","href":"https:\/\/api.w.org\/{rel}","templated":true}]}}