{"id":13313,"date":"2013-04-23T00:00:00","date_gmt":"2013-04-23T03:00:00","guid":{"rendered":"http:\/\/webdease2023.intranet.ciasc.gov.br\/2013\/04\/23\/cursos-informatica-basica-ipen-e-defesa-pessoal\/"},"modified":"2023-07-13T17:51:19","modified_gmt":"2023-07-13T20:51:19","slug":"cursos-informatica-basica-ipen-e-defesa-pessoal","status":"publish","type":"post","link":"https:\/\/sap.sc.gov.br\/en\/cursos-informatica-basica-ipen-e-defesa-pessoal\/","title":{"rendered":"Cursos: Inform\u00e1tica B\u00e1sica, IPEN e Defesa Pessoal"},"content":{"rendered":"<p style=\"text-align: justify;\">A Academia de Justi\u00e7a e Cidadania informa que est\u00e3o abertas no link de capacita\u00e7\u00f5es da ACADEJUC, as inscri\u00e7\u00f5es para o Curso de Inform\u00e1tica B\u00e1sica e IPEN &#8211; Regional do Planalto Serrano &#8211; a ser realizado em Curitibanos\/UNC no per\u00edodo de 14.05.2013 a 16.05.2013. Tamb\u00e9m est\u00e3o abertas as inscri\u00e7\u00f5es para o Curso de Defesa Pessoal para o DEASE &#8211; Regional Oeste &#8211; a ser realizado em Chapec\u00f3 no per\u00edodo de 07.05.2013 a 09.05.2013.<\/p>","protected":false},"excerpt":{"rendered":"<p>A Academia de Justi\u00e7a e Cidadania informa que est\u00e3o abertas no link de capacita\u00e7\u00f5es da ACADEJUC, as inscri\u00e7\u00f5es para o Curso de Inform\u00e1tica B\u00e1sica e IPEN &#8211; Regional do Planalto Serrano &#8211; a ser realizado em Curitibanos\/UNC no per\u00edodo de 14.05.2013 a 16.05.2013. Tamb\u00e9m est\u00e3o abertas as inscri\u00e7\u00f5es para o Curso de Defesa Pessoal para [&hellip;]<\/p>\n","protected":false},"author":6,"featured_media":13738,"comment_status":"open","ping_status":"open","sticky":false,"template":"","format":"standard","meta":{"_monsterinsights_skip_tracking":false,"_monsterinsights_sitenote_active":false,"_monsterinsights_sitenote_note":"","_monsterinsights_sitenote_category":0,"footnotes":"","_wp_rev_ctl_limit":""},"categories":[1296],"tags":[],"publishpress_future_action":{"enabled":false,"date":"2026-05-03 08:05:23","action":"change-status","newStatus":"draft","terms":[],"taxonomy":"category"},"publishpress_future_workflow_manual_trigger":{"enabledWorkflows":[]},"_links":{"self":[{"href":"https:\/\/sap.sc.gov.br\/en\/wp-json\/wp\/v2\/posts\/13313"}],"collection":[{"href":"https:\/\/sap.sc.gov.br\/en\/wp-json\/wp\/v2\/posts"}],"about":[{"href":"https:\/\/sap.sc.gov.br\/en\/wp-json\/wp\/v2\/types\/post"}],"author":[{"embeddable":true,"href":"https:\/\/sap.sc.gov.br\/en\/wp-json\/wp\/v2\/users\/6"}],"replies":[{"embeddable":true,"href":"https:\/\/sap.sc.gov.br\/en\/wp-json\/wp\/v2\/comments?post=13313"}],"version-history":[{"count":0,"href":"https:\/\/sap.sc.gov.br\/en\/wp-json\/wp\/v2\/posts\/13313\/revisions"}],"wp:featuredmedia":[{"embeddable":true,"href":"https:\/\/sap.sc.gov.br\/en\/wp-json\/wp\/v2\/media\/13738"}],"wp:attachment":[{"href":"https:\/\/sap.sc.gov.br\/en\/wp-json\/wp\/v2\/media?parent=13313"}],"wp:term":[{"taxonomy":"category","embeddable":true,"href":"https:\/\/sap.sc.gov.br\/en\/wp-json\/wp\/v2\/categories?post=13313"},{"taxonomy":"post_tag","embeddable":true,"href":"https:\/\/sap.sc.gov.br\/en\/wp-json\/wp\/v2\/tags?post=13313"}],"curies":[{"name":"wp","href":"https:\/\/api.w.org\/{rel}","templated":true}]}}