{"id":13319,"date":"2013-03-27T00:00:00","date_gmt":"2013-03-27T03:00:00","guid":{"rendered":"http:\/\/webdease2023.intranet.ciasc.gov.br\/2013\/03\/27\/nota-oficial-paralisacao-dos-servidores-27-03-2013\/"},"modified":"2023-07-13T17:51:23","modified_gmt":"2023-07-13T20:51:23","slug":"nota-oficial-paralisacao-dos-servidores-27-03-2013","status":"publish","type":"post","link":"https:\/\/sap.sc.gov.br\/en\/nota-oficial-paralisacao-dos-servidores-27-03-2013\/","title":{"rendered":"Nota Oficial \u2013 Paralisa\u00e7\u00e3o dos servidores &#8211; 27\/03\/2013"},"content":{"rendered":"<p style=\"text-align: justify;\">A Secret\u00e1ria de Estado da Justi\u00e7a e Cidadania, Ada Faraco de Luca, e o Diretor do Departamento de Administra\u00e7\u00e3o Prisional, Leandro Ant\u00f4nio Soares Lima, reconhecem como justas as reivindica\u00e7\u00f5es dos servidores que lutam por seus direitos, buscando sempre atuar efetivamente na busca de solu\u00e7\u00f5es que atendam os anseios de todos. De igual maneira, a Secret\u00e1ria e o Diretor permanecem a disposi\u00e7\u00e3o para ouvir quaisquer reinvindica\u00e7\u00f5es e realizar, com o mesmo comprometimento que sempre nos foi caracter\u00edstico, os devidos encaminhamentos. O respeito ao servidor e aos seus direitos sempre ser\u00e1 luta comum \u00e0 nossa Administra\u00e7\u00e3o. Resultado de antigas reinvindica\u00e7\u00f5es, temos trabalhado pelo justo cumprimento de acordos j\u00e1 estabelecidos e na melhoria das condi\u00e7\u00f5es de trabalho do agente penitenci\u00e1rio e demais operadores do sistema prisional. Todavia, lembramos que os processos burocr\u00e1ticos legais demandam tempo e n\u00e3o s\u00e3o imediatos. Estamos empenhados na conclus\u00e3o de processos que j\u00e1 foram encaminhados h\u00e1 muito, e come\u00e7am a surtir resultados j\u00e1 nos pr\u00f3ximos meses. J\u00e1 na primeira quinzena do m\u00eas de maio o sistema prisional catarinense receber\u00e1 1.100 coletes bal\u00edsticos j\u00e1 adquiridos, aguardando somente a entrega do fornecedor. O Setor de Gerenciamento de Armas desta Secretaria j\u00e1 distribuiu mais de mil armas curtas para defesa pessoal e, at\u00e9 o final de 2014, cada agente penitenci\u00e1rio contar\u00e1 com uma arma acautelada pela Secretaria. O concurso p\u00fablico que aumentar\u00e1 o quadro de servidores tem sido alvo de todo nosso empenho e ser\u00e1 breve, n\u00e3o tendo sido efetivado apenas pelas quest\u00f5es judiciais que envolvem a chamada de aprovados no \u00faltimo certame. Indo at\u00e9 onde a justi\u00e7a nos permite, temos acompanhado e oferecido todo o apoio para a r\u00e1pida chamada destes futuros servidores e a definitiva resolu\u00e7\u00e3o das quest\u00f5es judiciais pendentes. Lembramos ainda dos processos que ora tramitam na Gerencia de Licita\u00e7\u00f5es desta Secretaria para a aquisi\u00e7\u00e3o de 70 viaturas, aquisi\u00e7\u00e3o hist\u00f3rica de uniformes para todos os agentes penitenci\u00e1rios e das novas unidades a serem constru\u00eddas ainda neste ano, que desafogar\u00e3o o d\u00e9ficit de vagas refletindo diretamente na melhoria das condi\u00e7\u00f5es de trabalho do agente penitenci\u00e1rio. Queremos deixar ao agente penitenci\u00e1rio catarinense a certeza de que todo o trabalho desta Secretaria tem sido voltado \u00e0 cria\u00e7\u00e3o de um novo modelo de sistema prisional para o Estado, que valorize o servidor e ofere\u00e7a condi\u00e7\u00f5es dignas e humanas de trabalho. Esta \u00e9 nossa luta e busca constante. Por isso, permanecemos \u00e0 disposi\u00e7\u00e3o de nossos servidores, para ouvir suas reivindica\u00e7\u00f5es e lutar em comunh\u00e3o de objetivos para um foco em comum: um sistema prisional mais justo, humano e cidad\u00e3o para todos! (Ada Faraco de Luca \/ Leandro Ant\u00f4nio Soares Lima)<\/p>","protected":false},"excerpt":{"rendered":"<p>A Secret\u00e1ria de Estado da Justi\u00e7a e Cidadania, Ada Faraco de Luca, e o Diretor do Departamento de Administra\u00e7\u00e3o Prisional, Leandro Ant\u00f4nio Soares Lima, reconhecem como justas as reivindica\u00e7\u00f5es dos servidores que lutam por seus direitos, buscando sempre atuar efetivamente na busca de solu\u00e7\u00f5es que atendam os anseios de todos. De igual maneira, a Secret\u00e1ria [&hellip;]<\/p>\n","protected":false},"author":6,"featured_media":0,"comment_status":"open","ping_status":"open","sticky":false,"template":"","format":"standard","meta":{"_monsterinsights_skip_tracking":false,"_monsterinsights_sitenote_active":false,"_monsterinsights_sitenote_note":"","_monsterinsights_sitenote_category":0,"footnotes":"","_wp_rev_ctl_limit":""},"categories":[1296],"tags":[],"publishpress_future_action":{"enabled":false,"date":"2026-05-03 08:16:09","action":"change-status","newStatus":"draft","terms":[],"taxonomy":"category"},"publishpress_future_workflow_manual_trigger":{"enabledWorkflows":[]},"_links":{"self":[{"href":"https:\/\/sap.sc.gov.br\/en\/wp-json\/wp\/v2\/posts\/13319"}],"collection":[{"href":"https:\/\/sap.sc.gov.br\/en\/wp-json\/wp\/v2\/posts"}],"about":[{"href":"https:\/\/sap.sc.gov.br\/en\/wp-json\/wp\/v2\/types\/post"}],"author":[{"embeddable":true,"href":"https:\/\/sap.sc.gov.br\/en\/wp-json\/wp\/v2\/users\/6"}],"replies":[{"embeddable":true,"href":"https:\/\/sap.sc.gov.br\/en\/wp-json\/wp\/v2\/comments?post=13319"}],"version-history":[{"count":0,"href":"https:\/\/sap.sc.gov.br\/en\/wp-json\/wp\/v2\/posts\/13319\/revisions"}],"wp:attachment":[{"href":"https:\/\/sap.sc.gov.br\/en\/wp-json\/wp\/v2\/media?parent=13319"}],"wp:term":[{"taxonomy":"category","embeddable":true,"href":"https:\/\/sap.sc.gov.br\/en\/wp-json\/wp\/v2\/categories?post=13319"},{"taxonomy":"post_tag","embeddable":true,"href":"https:\/\/sap.sc.gov.br\/en\/wp-json\/wp\/v2\/tags?post=13319"}],"curies":[{"name":"wp","href":"https:\/\/api.w.org\/{rel}","templated":true}]}}