{"id":13322,"date":"2013-03-19T00:00:00","date_gmt":"2013-03-19T03:00:00","guid":{"rendered":"http:\/\/webdease2023.intranet.ciasc.gov.br\/2013\/03\/19\/pacto-por-santa-catarina-destina-r-27-7-milhoes-para-o-sistema-prisional-do-estado\/"},"modified":"2023-07-13T17:51:26","modified_gmt":"2023-07-13T20:51:26","slug":"pacto-por-santa-catarina-destina-r-27-7-milhoes-para-o-sistema-prisional-do-estado","status":"publish","type":"post","link":"https:\/\/sap.sc.gov.br\/en\/pacto-por-santa-catarina-destina-r-27-7-milhoes-para-o-sistema-prisional-do-estado\/","title":{"rendered":"Pacto por Santa Catarina destina R$ 27,7 milh\u00f5es para o sistema prisional do Estado"},"content":{"rendered":"<p style=\"text-align: justify;\">O governador Raimundo Colombo assinou nesta ter\u00e7a-feira, 19, o primeiro pacote de obras do Pacto por Santa Catarina para a \u00e1rea da Justi\u00e7a e Cidadania. Com isso, o sistema prisional catarinense receber\u00e1 investimento inicial de R$ 27,7 milh\u00f5es nos pr\u00f3ximos dias. Os recursos s\u00e3o destinados \u00e0 amplia\u00e7\u00e3o de tr\u00eas unidades prisionais, compra de 70 viaturas, mil coletes bal\u00edsticos e 2 mil uniformes para agentes penitenci\u00e1rios. \u201cEste investimento, em car\u00e1ter emergencial, \u00e9 para dar mais agilidade na solu\u00e7\u00e3o de alguns problemas pontuais que temos no sistema prisional. \u00c9 uma resposta \u00e0 capacidade de enfrentar desafios e ao comprometimento que os agentes penitenci\u00e1rios vem mostrando com a defesa da sociedade,\u201d observou o governador. Colombo disse ainda que o sistema prisional n\u00e3o pode ser pensando a partir da abertura de vagas. \u201c\u00c9 preciso buscar a ressocializa\u00e7\u00e3o dos presos. Temos que evitar que eles retornem \u00e0 cadeia, oferecendo treinamento e trabalho. Sem dignidade, ele n\u00e3o vai conseguir retomar sua vida quando sair da pris\u00e3o. E \u00e9 isso que estamos fazendo.\u201d Ele lembrou que um estudo rec\u00e9m-publicado pelo Departamento Penitenci\u00e1rio Nacional (Depen) mostra que Santa Catarina est\u00e1 em primeiro lugar no ranking dos Estados que promovem a ressocializa\u00e7\u00e3o pela oferta de trabalho. Cerca de 43% dos apenados exercem alguma atividade laboral nas unidades prisionais. A secret\u00e1ria de Estado da Justi\u00e7a e Cidadania, Ada De Luca, destacou que o governador Raimundo Colombo trouxe o sistema prisional para a pauta de governo n\u00e3o s\u00f3 com a cria\u00e7\u00e3o da secretaria, mas com a destina\u00e7\u00e3o de recursos e o reconhecimento dos profissionais que atuam no sistema. \u201cJ\u00e1 foram criadas 1,8 mil vagas, mas n\u00e3o queremos apenas abrir espa\u00e7o nas cadeias. Temos que dar dignidade e trabalho aos presos\u201d, comentou a secret\u00e1ria. O secret\u00e1rio de Planejamento e executivo do Pacto por Santa Catarina, Murilo Flores, disse que 2013 ser\u00e1 um ano de resultados, j\u00e1 que no ano passado, o Estado fez seu ajuste de contas para obter R$ 7 bilh\u00f5es de investimentos. O Governo de Santa Catarina decretou Situa\u00e7\u00e3o de Emerg\u00eancia no sistema prisional porque o n\u00famero de pris\u00f5es registrado nos \u00faltimos dois meses est\u00e1 acima da normalidade. Para se ter uma ideia, em janeiro e fevereiro do ano passado foram efetuadas 447 pris\u00f5es. No mesmo per\u00edodo deste ano foram realizadas 613 pris\u00f5es. &#8220;As pol\u00edcias Militar e Civil est\u00e3o fazendo a sua parte e n\u00f3s temos que fazer a nossa. Por isso, a necessidade urgente dessas 600 vagas e de equipamentos para garantir a seguran\u00e7a de quem est\u00e1 preso, dos agentes e da sociedade\u201d, disse o diretor do Deap, Leandro Lima. O sistema prisional de Santa Catarina tem 17 mil detentos e 10,5 mil vagas. A previs\u00e3o de conclus\u00e3o das obras \u00e9 de 150 dias. Pacto em n\u00fameros: Pres\u00eddio de Itaja\u00ed \u2013 324 vagas \u2013 R$ 10,5 milh\u00f5es; Penitenci\u00e1ria Sul Crici\u00fama \u2013 200 vagas \u2013 R$ 5,4 milh\u00f5es; Penitenci\u00e1ria Industrial de Joinville \u2013 100 vagas \u2013 R$ 1,7 milh\u00e3o; Carro-cela \u2013 70 unidades \u2013 R$ 7,5 milh\u00f5es; Coletes bal\u00edsticos \u2013 1,1 mil unidades \u2013 R$ 1,8 milh\u00e3o; Uniformes \u2013 2 mil \u2013 R$ 800 mil. (Fonte: Jacqueline Iensen &#8211; Secretaria de Estado da Comunica\u00e7\u00e3o)<\/p>","protected":false},"excerpt":{"rendered":"<p>O governador Raimundo Colombo assinou nesta ter\u00e7a-feira, 19, o primeiro pacote de obras do Pacto por Santa Catarina para a \u00e1rea da Justi\u00e7a e Cidadania. Com isso, o sistema prisional catarinense receber\u00e1 investimento inicial de R$ 27,7 milh\u00f5es nos pr\u00f3ximos dias. Os recursos s\u00e3o destinados \u00e0 amplia\u00e7\u00e3o de tr\u00eas unidades prisionais, compra de 70 viaturas, [&hellip;]<\/p>\n","protected":false},"author":6,"featured_media":13884,"comment_status":"open","ping_status":"open","sticky":false,"template":"","format":"standard","meta":{"_monsterinsights_skip_tracking":false,"_monsterinsights_sitenote_active":false,"_monsterinsights_sitenote_note":"","_monsterinsights_sitenote_category":0,"footnotes":"","_wp_rev_ctl_limit":""},"categories":[1296],"tags":[],"publishpress_future_action":{"enabled":false,"date":"2026-05-03 08:16:10","action":"change-status","newStatus":"draft","terms":[],"taxonomy":"category"},"publishpress_future_workflow_manual_trigger":{"enabledWorkflows":[]},"_links":{"self":[{"href":"https:\/\/sap.sc.gov.br\/en\/wp-json\/wp\/v2\/posts\/13322"}],"collection":[{"href":"https:\/\/sap.sc.gov.br\/en\/wp-json\/wp\/v2\/posts"}],"about":[{"href":"https:\/\/sap.sc.gov.br\/en\/wp-json\/wp\/v2\/types\/post"}],"author":[{"embeddable":true,"href":"https:\/\/sap.sc.gov.br\/en\/wp-json\/wp\/v2\/users\/6"}],"replies":[{"embeddable":true,"href":"https:\/\/sap.sc.gov.br\/en\/wp-json\/wp\/v2\/comments?post=13322"}],"version-history":[{"count":0,"href":"https:\/\/sap.sc.gov.br\/en\/wp-json\/wp\/v2\/posts\/13322\/revisions"}],"wp:featuredmedia":[{"embeddable":true,"href":"https:\/\/sap.sc.gov.br\/en\/wp-json\/wp\/v2\/media\/13884"}],"wp:attachment":[{"href":"https:\/\/sap.sc.gov.br\/en\/wp-json\/wp\/v2\/media?parent=13322"}],"wp:term":[{"taxonomy":"category","embeddable":true,"href":"https:\/\/sap.sc.gov.br\/en\/wp-json\/wp\/v2\/categories?post=13322"},{"taxonomy":"post_tag","embeddable":true,"href":"https:\/\/sap.sc.gov.br\/en\/wp-json\/wp\/v2\/tags?post=13322"}],"curies":[{"name":"wp","href":"https:\/\/api.w.org\/{rel}","templated":true}]}}