{"id":13324,"date":"2013-03-07T00:00:00","date_gmt":"2013-03-07T03:00:00","guid":{"rendered":"http:\/\/webdease2023.intranet.ciasc.gov.br\/2013\/03\/07\/dia-internacional-da-mulher\/"},"modified":"2023-07-13T17:51:29","modified_gmt":"2023-07-13T20:51:29","slug":"dia-internacional-da-mulher","status":"publish","type":"post","link":"https:\/\/sap.sc.gov.br\/en\/dia-internacional-da-mulher\/","title":{"rendered":"Dia Internacional da Mulher"},"content":{"rendered":"<p style=\"text-align: justify;\">No dia Internacional da Mulher, nossa mensagem vai \u00e0s verdadeiras guerreiras que labutam diuturnamente no sistema prisional de Santa Catarina. Com elas somos mais exigidos, Com elas somos mais aguerridos, Com elas somos mais fortes, Com elas nossas vidas se tornam mais amenas, seguras e felizes. A conviv\u00eancia com elas nos torna seres humanos melhores e mais evolu\u00eddos. Parab\u00e9ns \u00e0s inesquec\u00edveis e maravilhosas mulheres de nossas vidas! Leandro Ant\u00f4nio Soares Lima (08\/03\/2013)<\/p>","protected":false},"excerpt":{"rendered":"<p>No dia Internacional da Mulher, nossa mensagem vai \u00e0s verdadeiras guerreiras que labutam diuturnamente no sistema prisional de Santa Catarina. Com elas somos mais exigidos, Com elas somos mais aguerridos, Com elas somos mais fortes, Com elas nossas vidas se tornam mais amenas, seguras e felizes. A conviv\u00eancia com elas nos torna seres humanos melhores [&hellip;]<\/p>\n","protected":false},"author":6,"featured_media":13898,"comment_status":"open","ping_status":"open","sticky":false,"template":"","format":"standard","meta":{"_monsterinsights_skip_tracking":false,"_monsterinsights_sitenote_active":false,"_monsterinsights_sitenote_note":"","_monsterinsights_sitenote_category":0,"footnotes":"","_wp_rev_ctl_limit":""},"categories":[1296],"tags":[],"publishpress_future_action":{"enabled":false,"date":"2026-05-03 07:55:05","action":"change-status","newStatus":"draft","terms":[],"taxonomy":"category"},"publishpress_future_workflow_manual_trigger":{"enabledWorkflows":[]},"_links":{"self":[{"href":"https:\/\/sap.sc.gov.br\/en\/wp-json\/wp\/v2\/posts\/13324"}],"collection":[{"href":"https:\/\/sap.sc.gov.br\/en\/wp-json\/wp\/v2\/posts"}],"about":[{"href":"https:\/\/sap.sc.gov.br\/en\/wp-json\/wp\/v2\/types\/post"}],"author":[{"embeddable":true,"href":"https:\/\/sap.sc.gov.br\/en\/wp-json\/wp\/v2\/users\/6"}],"replies":[{"embeddable":true,"href":"https:\/\/sap.sc.gov.br\/en\/wp-json\/wp\/v2\/comments?post=13324"}],"version-history":[{"count":0,"href":"https:\/\/sap.sc.gov.br\/en\/wp-json\/wp\/v2\/posts\/13324\/revisions"}],"wp:featuredmedia":[{"embeddable":true,"href":"https:\/\/sap.sc.gov.br\/en\/wp-json\/wp\/v2\/media\/13898"}],"wp:attachment":[{"href":"https:\/\/sap.sc.gov.br\/en\/wp-json\/wp\/v2\/media?parent=13324"}],"wp:term":[{"taxonomy":"category","embeddable":true,"href":"https:\/\/sap.sc.gov.br\/en\/wp-json\/wp\/v2\/categories?post=13324"},{"taxonomy":"post_tag","embeddable":true,"href":"https:\/\/sap.sc.gov.br\/en\/wp-json\/wp\/v2\/tags?post=13324"}],"curies":[{"name":"wp","href":"https:\/\/api.w.org\/{rel}","templated":true}]}}